{"id":29356,"date":"2015-06-03T12:12:20","date_gmt":"2015-06-03T15:12:20","guid":{"rendered":"http:\/\/www.cordobatimes.com\/deportes\/?p=29356"},"modified":"2015-06-03T12:19:48","modified_gmt":"2015-06-03T15:19:48","slug":"talleres-visita-9-de-julio-de-morteros","status":"publish","type":"post","link":"https:\/\/www.cordobatimes.com\/deportes\/futbol\/2015\/06\/03\/talleres-visita-9-de-julio-de-morteros\/","title":{"rendered":"Talleres visita  9 de Julio de Morteros"},"content":{"rendered":"<p><strong>El matador buscar\u00e1 hoy desde las 21:30. seguir estirando la diferencia como \u00fanico l\u00edder de la zona 2 del Federal A. Su t\u00e9cnico, Dar\u00edo Kudelka, deber\u00e1 hacer varios cambios por lesi\u00f3n. El partido ser\u00e1 televisado por canal 10.<\/strong><\/p>\n<p>&nbsp;<\/p>\n<p><img loading=\"lazy\" decoding=\"async\" class=\"alignnone size-medium wp-image-29358\" src=\"http:\/\/www.cordobatimes.com\/deportes\/wp-content\/uploads\/2015\/06\/11206785_10155570994560526_5939704105676960102_o-300x199.jpg\" alt=\"11206785_10155570994560526_5939704105676960102_o\" width=\"600\" height=\"399\" data-id=\"29358\" \/><\/p>\n<p>&nbsp;<\/p>\n<p><strong>M<\/strong>as all\u00e1 de que Talleres hace 11 d\u00edas que jug\u00f3 su \u00faltimo partido del Federal A, entre sus jugadores hubo varios lesionados en estos entrenamientos. Es por ello, que su DT, dispondr\u00e1 el ingreso de Jonathan \u00a0Bay por\u00a0el lesionado Juan Pablo Francia. Otra baja del plantel albiazul, fue la de del correntino Aldo Araujo, se supo que el jugador se desgarro por lo que deber\u00e1 esperar al menos 21 d\u00edas para volver. Estos dos Jugadores con lesiones, se suman a la de Santiago Raymonda, quien se recupera de un desgarro y se espera que reaparezca en las pr\u00f3ximas fechas.<\/p>\n<p>Lejos de tener tranquilidad, Talleres tiene que sufrir la constante reprogramaci\u00f3n de sus encuentros, por lo que la agenda debi\u00f3 modificarse en las ultimas horas. Finalmente se supo que el plantel luego de jugar hoy el partido en Morteros, volver\u00e1 a C\u00f3rdoba y no ira directamente a Buenos Aires como se pens\u00f3 en un principio.<\/p>\n<p>La &#8220;T&#8221; suma 23 puntos y se ubica como l\u00edder de la zona, a 4 unidades de su escolta, el Deportivo Maip\u00fa de Mendoza. Por el lado de 9 de Julio, llega \u00faltimo en la tabla, pero desde Morteros aseguran que contra Talleres, dar\u00e1n el &#8220;batacazo&#8221;.<\/p>\n<p>Posibles formaciones:<\/p>\n<p><strong>9 de Julio de Morteros:<\/strong> Adelquis Ruffini;\u00a0Mariano Guti\u00e9rrez, An\u00edbal Medina,\u00a0Emiliano Castro,\u00a0N\u00e9stor Montiel;\u00a0Mat\u00edas Fern\u00e1ndez,\u00a0Fabi\u00e1n Arga\u00f1araz,\u00a0Miqueas Lapalma,\u00a0Luciano Varaldo;\u00a0E. Carballo,\u00a0S. S\u00e1nchez.\u00a0DT: A. Berganti\u00f1os.<\/p>\n<p><strong>Talleres:<\/strong> Lucas Ischuk;\u00a0Ivo Chaves,\u00a0Adalberto Goiri,\u00a0Rodrigo L\u00f3pez,\u00a0Nelson Ben\u00edtez;\u00a0V\u00edctor Beraldi,\u00a0Rodrigo Burgos,\u00a0Jonathan Bay,\u00a0Ezequiel Barrionuevo,\u00a0Javier Vel\u00e1zquez,\u00a0Sebasti\u00e1n Ereros.\u00a0<strong>DT:<\/strong> Frank Kudelka.<\/p>\n<p><strong>Hora:<\/strong> 21.30.<br \/>\n<strong>\u00c1rbitro:<\/strong> Santiago Ascensi.<br \/>\n<strong>Estadio:<\/strong> 9 de Julio.<br \/>\n<strong>TV:<\/strong> Canal 10.<\/p>\n<p>foto gentileza de\u00a0https:\/\/www.facebook.com\/CATalleres?fref=ts<\/p>\n<p>&nbsp;<\/p>\n","protected":false},"excerpt":{"rendered":"<p>El matador buscar\u00e1 hoy desde las 21:30. seguir estirando la diferencia como \u00fanico l\u00edder de la zona 2 del Federal A. Su t\u00e9cnico, Dar\u00edo Kudelka, deber\u00e1 hacer varios cambios por lesi\u00f3n. El partido ser\u00e1 televisado por canal 10. &nbsp; &nbsp; Mas all\u00e1 de que Talleres hace 11 d\u00edas que jug\u00f3 su \u00faltimo partido del Federal [&hellip;]<\/p>\n","protected":false},"author":21,"featured_media":29357,"comment_status":"closed","ping_status":"closed","sticky":true,"template":"","format":"standard","meta":{"_seopress_robots_primary_cat":"","_seopress_titles_title":"","_seopress_titles_desc":"","_seopress_robots_index":"","footnotes":""},"categories":[2],"tags":[5409,40],"class_list":["post-29356","post","type-post","status-publish","format-standard","has-post-thumbnail","hentry","category-futbol","tag-9-de-julio","tag-talleres"],"_links":{"self":[{"href":"https:\/\/www.cordobatimes.com\/deportes\/wp-json\/wp\/v2\/posts\/29356","targetHints":{"allow":["GET"]}}],"collection":[{"href":"https:\/\/www.cordobatimes.com\/deportes\/wp-json\/wp\/v2\/posts"}],"about":[{"href":"https:\/\/www.cordobatimes.com\/deportes\/wp-json\/wp\/v2\/types\/post"}],"author":[{"embeddable":true,"href":"https:\/\/www.cordobatimes.com\/deportes\/wp-json\/wp\/v2\/users\/21"}],"replies":[{"embeddable":true,"href":"https:\/\/www.cordobatimes.com\/deportes\/wp-json\/wp\/v2\/comments?post=29356"}],"version-history":[{"count":0,"href":"https:\/\/www.cordobatimes.com\/deportes\/wp-json\/wp\/v2\/posts\/29356\/revisions"}],"wp:featuredmedia":[{"embeddable":true,"href":"https:\/\/www.cordobatimes.com\/deportes\/wp-json\/wp\/v2\/media\/29357"}],"wp:attachment":[{"href":"https:\/\/www.cordobatimes.com\/deportes\/wp-json\/wp\/v2\/media?parent=29356"}],"wp:term":[{"taxonomy":"category","embeddable":true,"href":"https:\/\/www.cordobatimes.com\/deportes\/wp-json\/wp\/v2\/categories?post=29356"},{"taxonomy":"post_tag","embeddable":true,"href":"https:\/\/www.cordobatimes.com\/deportes\/wp-json\/wp\/v2\/tags?post=29356"}],"curies":[{"name":"wp","href":"https:\/\/api.w.org\/{rel}","templated":true}]}}