{"id":29352,"date":"2015-06-02T10:18:44","date_gmt":"2015-06-02T13:18:44","guid":{"rendered":"http:\/\/www.cordobatimes.com\/deportes\/?p=29352"},"modified":"2015-06-02T10:18:44","modified_gmt":"2015-06-02T13:18:44","slug":"boca-el-club-no-le-renovaria-el-contrato-al-delantero-osvaldo","status":"publish","type":"post","link":"https:\/\/www.cordobatimes.com\/deportes\/futbol\/2015\/06\/02\/boca-el-club-no-le-renovaria-el-contrato-al-delantero-osvaldo\/","title":{"rendered":"Boca: El club no le renovar\u00eda el contrato al delantero Osvaldo"},"content":{"rendered":"<h3><strong><span style=\"font-size: 16px; line-height: 1.5;\"><a href=\"http:\/\/www.cordobatimes.com\/deportes\/wp-content\/uploads\/2015\/06\/osvaldo_bombonera_crop14332496685071.jpg_9513878351.jpg\"><img loading=\"lazy\" decoding=\"async\" class=\"alignnone size-full wp-image-29354\" src=\"http:\/\/www.cordobatimes.com\/deportes\/wp-content\/uploads\/2015\/06\/osvaldo_bombonera_crop14332496685071.jpg_9513878351.jpg\" alt=\"osvaldo_bombonera_crop1433249668507.jpg_951387835\" width=\"1000\" height=\"560\" data-id=\"29354\" srcset=\"https:\/\/www.cordobatimes.com\/deportes\/wp-content\/uploads\/2015\/06\/osvaldo_bombonera_crop14332496685071.jpg_9513878351.jpg 1000w, https:\/\/www.cordobatimes.com\/deportes\/wp-content\/uploads\/2015\/06\/osvaldo_bombonera_crop14332496685071.jpg_9513878351-300x168.jpg 300w\" sizes=\"auto, (max-width: 1000px) 100vw, 1000px\" \/><\/a>El v\u00ednculo entre Boca y Daniel Osvaldo tendr\u00eda los d\u00edas contados, ya que la dirigencia habr\u00eda decidido no hacer el esfuerzo para retenerlo debido al valor econ\u00f3mico del jugador y a su ajetreada vida personal.<\/span><\/strong><\/h3>\n<p>La escandalosa separaci\u00f3n de Jimena Bar\u00f3n, con quien tiene un hijo, tom\u00f3 estado p\u00fablico en las \u00faltimas horas, y el abogado de la actriz incluso plante\u00f3 la posibilidad que iniciar una demanda por violencia de g\u00e9nero.<\/p>\n<p>Lo cierto es que tras llegar a Boca como un \u00eddolo, Osvaldo fue disminuyendo su influencia dentro de las canchas y pas\u00f3 a ocupar las portadas de las revistas de chimentos, lo que no habr\u00eda ca\u00eddo muy bien en la Comisi\u00f3n Directiva.<\/p>\n<p>Southampton, de la Premier League, es due\u00f1o del pase del jugador, por el que pag\u00f3 15 millones de euros hace poco menos de dos a\u00f1os. Los ingleses, que lo cedieron a los seis meses por bajo rendimiento, intentar\u00e1n recuperar parte de la inversi\u00f3n.<\/p>\n<p>Esta ma\u00f1a\u00f1a, Osvaldo se ausent\u00f3 con aviso de Casa Amarilla, donde se entren\u00f3 el equipo, porque tuvo que realizarse estudios por una molestia en la zona lumar, lo que pone en duda su presencia el domingo ante Newell\u00b4s.<\/p>\n","protected":false},"excerpt":{"rendered":"<p>El v\u00ednculo entre Boca y Daniel Osvaldo tendr\u00eda los d\u00edas contados, ya que la dirigencia habr\u00eda decidido no hacer el esfuerzo para retenerlo debido al valor econ\u00f3mico del jugador y a su ajetreada vida personal. La escandalosa separaci\u00f3n de Jimena Bar\u00f3n, con quien tiene un hijo, tom\u00f3 estado p\u00fablico en las \u00faltimas horas, y el [&hellip;]<\/p>\n","protected":false},"author":1,"featured_media":29353,"comment_status":"closed","ping_status":"closed","sticky":false,"template":"","format":"standard","meta":{"_seopress_robots_primary_cat":"","_seopress_titles_title":"","_seopress_titles_desc":"","_seopress_robots_index":"","footnotes":""},"categories":[2,16],"tags":[650,611,4501],"class_list":["post-29352","post","type-post","status-publish","format-standard","has-post-thumbnail","hentry","category-futbol","category-primera-division","tag-boca-juniors","tag-contrato","tag-daniel-osvaldo"],"_links":{"self":[{"href":"https:\/\/www.cordobatimes.com\/deportes\/wp-json\/wp\/v2\/posts\/29352","targetHints":{"allow":["GET"]}}],"collection":[{"href":"https:\/\/www.cordobatimes.com\/deportes\/wp-json\/wp\/v2\/posts"}],"about":[{"href":"https:\/\/www.cordobatimes.com\/deportes\/wp-json\/wp\/v2\/types\/post"}],"author":[{"embeddable":true,"href":"https:\/\/www.cordobatimes.com\/deportes\/wp-json\/wp\/v2\/users\/1"}],"replies":[{"embeddable":true,"href":"https:\/\/www.cordobatimes.com\/deportes\/wp-json\/wp\/v2\/comments?post=29352"}],"version-history":[{"count":0,"href":"https:\/\/www.cordobatimes.com\/deportes\/wp-json\/wp\/v2\/posts\/29352\/revisions"}],"wp:featuredmedia":[{"embeddable":true,"href":"https:\/\/www.cordobatimes.com\/deportes\/wp-json\/wp\/v2\/media\/29353"}],"wp:attachment":[{"href":"https:\/\/www.cordobatimes.com\/deportes\/wp-json\/wp\/v2\/media?parent=29352"}],"wp:term":[{"taxonomy":"category","embeddable":true,"href":"https:\/\/www.cordobatimes.com\/deportes\/wp-json\/wp\/v2\/categories?post=29352"},{"taxonomy":"post_tag","embeddable":true,"href":"https:\/\/www.cordobatimes.com\/deportes\/wp-json\/wp\/v2\/tags?post=29352"}],"curies":[{"name":"wp","href":"https:\/\/api.w.org\/{rel}","templated":true}]}}