{"id":29328,"date":"2015-05-30T11:45:38","date_gmt":"2015-05-30T14:45:38","guid":{"rendered":"http:\/\/www.cordobatimes.com\/deportes\/?p=29328"},"modified":"2015-05-30T11:45:38","modified_gmt":"2015-05-30T14:45:38","slug":"voley-argentina-arranco-con-el-pie-derecho-en-la-liga-mundial","status":"publish","type":"post","link":"https:\/\/www.cordobatimes.com\/deportes\/polideportivo\/2015\/05\/30\/voley-argentina-arranco-con-el-pie-derecho-en-la-liga-mundial\/","title":{"rendered":"Voley: Argentina arranc\u00f3 con el pie derecho en la Liga Mundial"},"content":{"rendered":"<h3 style=\"text-align: justify;\"><a href=\"http:\/\/www.cordobatimes.com\/deportes\/wp-content\/uploads\/2015\/05\/Voley4.jpg\"><img loading=\"lazy\" decoding=\"async\" class=\" size-full wp-image-29329 aligncenter\" src=\"http:\/\/www.cordobatimes.com\/deportes\/wp-content\/uploads\/2015\/05\/Voley4.jpg\" alt=\"Voley\" width=\"960\" height=\"640\" data-id=\"29329\" srcset=\"https:\/\/www.cordobatimes.com\/deportes\/wp-content\/uploads\/2015\/05\/Voley4.jpg 960w, https:\/\/www.cordobatimes.com\/deportes\/wp-content\/uploads\/2015\/05\/Voley4-300x200.jpg 300w\" sizes=\"auto, (max-width: 960px) 100vw, 960px\" \/><\/a><br \/>\nLos dirigidos por Julio Velasco derrotaron a Cuba por 3-0 en un encuentro disputado en San Mart\u00edn, Mendoza.<\/h3>\n<p style=\"text-align: justify;\">\n<p style=\"text-align: justify;\">\n<p style=\"text-align: justify;\">\n<p style=\"text-align: justify;\">El seleccionado argentino masculino de voleibol debut\u00f3 de la mejor manera anoche en la Liga Mundial 2015 venciendo por 3-0 a Cuba por el Grupo C. El choque se llevo a cabo en el estadio Gustavo Rodr\u00edguez de la ciudad mendocina de San Mart\u00edn.<\/p>\n<p style=\"text-align: justify;\">Los parciales en favor del equipo dirigido por Julio Velasco fueron 25-18, 25-19 y 25-18. Y la acci\u00f3n se repetir\u00e1 este s\u00e1bado desde las 21.10 en el mismo escenario.<\/p>\n<p style=\"text-align: justify;\">Argentina y Cuba integran el Grupo C de la World League junto con Bulgaria y Canad\u00e1, que lidera las posiciones luego de sus dos victorias ante el seleccionado centroamericano.<\/p>\n<p style=\"text-align: justify;\">La Selecci\u00f3n se encuentra instalada en Mendoza con 13 jugadores para los dos encuentros: los armadores Demi\u00e1n Gonz\u00e1lez y Maximiliano Chirivino; los opuestos Jos\u00e9 Luis Gonz\u00e1lez y Federico Martina; los centrales Pabl Crer, Mart\u00edn Ramos y Federico Franetovich; los receptores punta Luciano Zornetta, Nicol\u00e1s Bruno, Rodrigo Villalba y Chirstian Poglajen, y los l\u00edberos Sebastian Closter y Facundo Santucci.<\/p>\n","protected":false},"excerpt":{"rendered":"<p>Los dirigidos por Julio Velasco derrotaron a Cuba por 3-0 en un encuentro disputado en San Mart\u00edn, Mendoza. El seleccionado argentino masculino de voleibol debut\u00f3 de la mejor manera anoche en la Liga Mundial 2015 venciendo por 3-0 a Cuba por el Grupo C. El choque se llevo a cabo en el estadio Gustavo Rodr\u00edguez [&hellip;]<\/p>\n","protected":false},"author":15,"featured_media":29329,"comment_status":"closed","ping_status":"closed","sticky":false,"template":"","format":"standard","meta":{"_seopress_robots_primary_cat":"","_seopress_titles_title":"","_seopress_titles_desc":"","_seopress_robots_index":"","footnotes":""},"categories":[6],"tags":[3901,1490,5400],"class_list":["post-29328","post","type-post","status-publish","format-standard","has-post-thumbnail","hentry","category-polideportivo","tag-feva","tag-liga-mundial","tag-voleibol-masculino"],"_links":{"self":[{"href":"https:\/\/www.cordobatimes.com\/deportes\/wp-json\/wp\/v2\/posts\/29328","targetHints":{"allow":["GET"]}}],"collection":[{"href":"https:\/\/www.cordobatimes.com\/deportes\/wp-json\/wp\/v2\/posts"}],"about":[{"href":"https:\/\/www.cordobatimes.com\/deportes\/wp-json\/wp\/v2\/types\/post"}],"author":[{"embeddable":true,"href":"https:\/\/www.cordobatimes.com\/deportes\/wp-json\/wp\/v2\/users\/15"}],"replies":[{"embeddable":true,"href":"https:\/\/www.cordobatimes.com\/deportes\/wp-json\/wp\/v2\/comments?post=29328"}],"version-history":[{"count":0,"href":"https:\/\/www.cordobatimes.com\/deportes\/wp-json\/wp\/v2\/posts\/29328\/revisions"}],"wp:featuredmedia":[{"embeddable":true,"href":"https:\/\/www.cordobatimes.com\/deportes\/wp-json\/wp\/v2\/media\/29329"}],"wp:attachment":[{"href":"https:\/\/www.cordobatimes.com\/deportes\/wp-json\/wp\/v2\/media?parent=29328"}],"wp:term":[{"taxonomy":"category","embeddable":true,"href":"https:\/\/www.cordobatimes.com\/deportes\/wp-json\/wp\/v2\/categories?post=29328"},{"taxonomy":"post_tag","embeddable":true,"href":"https:\/\/www.cordobatimes.com\/deportes\/wp-json\/wp\/v2\/tags?post=29328"}],"curies":[{"name":"wp","href":"https:\/\/api.w.org\/{rel}","templated":true}]}}