{"id":29319,"date":"2015-05-30T11:23:03","date_gmt":"2015-05-30T14:23:03","guid":{"rendered":"http:\/\/www.cordobatimes.com\/deportes\/?p=29319"},"modified":"2015-05-30T11:23:03","modified_gmt":"2015-05-30T14:23:03","slug":"roland-garros-mayer-no-pudo-con-cilic-y-ya-no-quedan-argentinos-en-paris","status":"publish","type":"post","link":"https:\/\/www.cordobatimes.com\/deportes\/tenis\/2015\/05\/30\/roland-garros-mayer-no-pudo-con-cilic-y-ya-no-quedan-argentinos-en-paris\/","title":{"rendered":"Roland Garros: Mayer no pudo con Cilic y ya no quedan argentinos en Paris"},"content":{"rendered":"<h3 style=\"text-align: justify;\"><a href=\"http:\/\/www.cordobatimes.com\/deportes\/wp-content\/uploads\/2015\/05\/Tenis11.jpg\"><img loading=\"lazy\" decoding=\"async\" class=\" size-full wp-image-29320 aligncenter\" src=\"http:\/\/www.cordobatimes.com\/deportes\/wp-content\/uploads\/2015\/05\/Tenis11.jpg\" alt=\"Tenis\" width=\"960\" height=\"640\" data-id=\"29320\" srcset=\"https:\/\/www.cordobatimes.com\/deportes\/wp-content\/uploads\/2015\/05\/Tenis11.jpg 960w, https:\/\/www.cordobatimes.com\/deportes\/wp-content\/uploads\/2015\/05\/Tenis11-300x200.jpg 300w\" sizes=\"auto, (max-width: 960px) 100vw, 960px\" \/><\/a><br \/>\nEl Yacar\u00e9 cay\u00f3 por 6-3, 6-2 y 6-4 frente al croata y de esta manera ya no quedan argentinos en el Grand Slam parisiense.<\/h3>\n<h3 style=\"text-align: justify;\"><\/h3>\n<p style=\"text-align: justify;\">\n<p style=\"text-align: justify;\">En una \u00e9poca donde el tenis argentino se encuentra alejado de los primero planos, y donde la \u00e9poca de la &#8220;Legi\u00f3n Dorada&#8221; qued\u00f3 atr\u00e1s, Leonardo Mayer fue eliminado en la tercera ronda de Roland Garros. El correntino (22\u00b0 del ranking), cay\u00f3 en sets corridos frente al croata Marin Cilic por 6-3, 6-2 y 6-4 en dos horas y cinco minutos de juego.<\/p>\n<p style=\"text-align: justify;\">Mayer no pudo demostrar el buen nivel que venia teniendo a lo largo del certamen, y le fue muy dif\u00edcil quebrar el saque de su oponente (s\u00f3lo uno de seis). Cilic se mostr\u00f3 muy seguro con su saque (10 aces y 76% de puntos ganados con el primer saque), y se termin\u00f3 llevando el partido sin mayores\u00a0sobresaltos.<\/p>\n<p style=\"text-align: justify;\">De esta manera, Mayer contin\u00faa sin poder alcanzar los octavos de final en Paris. Ahora al correntino le queda su participaci\u00f3n en dobles, donde es pareja con Carlos Berlocq. Luego regresar\u00e1 a la Argentina donde preparar\u00e1 la gira sobre c\u00e9sped.<\/p>\n","protected":false},"excerpt":{"rendered":"<p>El Yacar\u00e9 cay\u00f3 por 6-3, 6-2 y 6-4 frente al croata y de esta manera ya no quedan argentinos en el Grand Slam parisiense. En una \u00e9poca donde el tenis argentino se encuentra alejado de los primero planos, y donde la \u00e9poca de la &#8220;Legi\u00f3n Dorada&#8221; qued\u00f3 atr\u00e1s, Leonardo Mayer fue eliminado en la tercera [&hellip;]<\/p>\n","protected":false},"author":15,"featured_media":29320,"comment_status":"closed","ping_status":"closed","sticky":false,"template":"","format":"standard","meta":{"_seopress_robots_primary_cat":"","_seopress_titles_title":"","_seopress_titles_desc":"","_seopress_robots_index":"","footnotes":""},"categories":[4],"tags":[202,1526,3353,3018],"class_list":["post-29319","post","type-post","status-publish","format-standard","has-post-thumbnail","hentry","category-tenis","tag-atp","tag-grand-slam","tag-leonardo-mayer","tag-roland-garros"],"_links":{"self":[{"href":"https:\/\/www.cordobatimes.com\/deportes\/wp-json\/wp\/v2\/posts\/29319","targetHints":{"allow":["GET"]}}],"collection":[{"href":"https:\/\/www.cordobatimes.com\/deportes\/wp-json\/wp\/v2\/posts"}],"about":[{"href":"https:\/\/www.cordobatimes.com\/deportes\/wp-json\/wp\/v2\/types\/post"}],"author":[{"embeddable":true,"href":"https:\/\/www.cordobatimes.com\/deportes\/wp-json\/wp\/v2\/users\/15"}],"replies":[{"embeddable":true,"href":"https:\/\/www.cordobatimes.com\/deportes\/wp-json\/wp\/v2\/comments?post=29319"}],"version-history":[{"count":0,"href":"https:\/\/www.cordobatimes.com\/deportes\/wp-json\/wp\/v2\/posts\/29319\/revisions"}],"wp:featuredmedia":[{"embeddable":true,"href":"https:\/\/www.cordobatimes.com\/deportes\/wp-json\/wp\/v2\/media\/29320"}],"wp:attachment":[{"href":"https:\/\/www.cordobatimes.com\/deportes\/wp-json\/wp\/v2\/media?parent=29319"}],"wp:term":[{"taxonomy":"category","embeddable":true,"href":"https:\/\/www.cordobatimes.com\/deportes\/wp-json\/wp\/v2\/categories?post=29319"},{"taxonomy":"post_tag","embeddable":true,"href":"https:\/\/www.cordobatimes.com\/deportes\/wp-json\/wp\/v2\/tags?post=29319"}],"curies":[{"name":"wp","href":"https:\/\/api.w.org\/{rel}","templated":true}]}}