{"id":29168,"date":"2015-05-16T20:05:36","date_gmt":"2015-05-16T23:05:36","guid":{"rendered":"http:\/\/www.cordobatimes.com\/deportes\/?p=29168"},"modified":"2015-05-16T20:05:36","modified_gmt":"2015-05-16T23:05:36","slug":"psg-campeon-de-francia","status":"publish","type":"post","link":"https:\/\/www.cordobatimes.com\/deportes\/futbol-internacional\/2015\/05\/16\/psg-campeon-de-francia\/","title":{"rendered":"PSG campe\u00f3n de Francia"},"content":{"rendered":"<h3 style=\"text-align: justify;\"><a href=\"http:\/\/www.cordobatimes.com\/deportes\/wp-content\/uploads\/2015\/05\/Pocho.jpg\"><img loading=\"lazy\" decoding=\"async\" class=\" size-full wp-image-29169 aligncenter\" src=\"http:\/\/www.cordobatimes.com\/deportes\/wp-content\/uploads\/2015\/05\/Pocho.jpg\" alt=\"Pocho\" width=\"960\" height=\"640\" data-id=\"29169\" srcset=\"https:\/\/www.cordobatimes.com\/deportes\/wp-content\/uploads\/2015\/05\/Pocho.jpg 960w, https:\/\/www.cordobatimes.com\/deportes\/wp-content\/uploads\/2015\/05\/Pocho-300x200.jpg 300w\" sizes=\"auto, (max-width: 960px) 100vw, 960px\" \/><\/a><br \/>\nVenci\u00f3 2-1 a Montpellier con un gol de Ezequiel Lavezzi; tambi\u00e9n jug\u00f3 Javier Pastore.<\/h3>\n<p style=\"text-align: justify;\">\n<p style=\"text-align: justify;\">\n<p style=\"text-align: justify;\">Paris Saint Germain consigui\u00f3 su quinto campeonato (tercero de manera consecutiva) en la Liga de Francia. Con gol de Ezequiel Lavezzi, y la presencia del flaco Javier Pastore, el equipo de la capital francesa festej\u00f3 una jornada antes de la finalizaci\u00f3n del torneo.<\/p>\n<p style=\"text-align: justify;\">Fue 2-1 al Montpellier con goles de Matouidi y el &#8220;Pocho&#8221;, mientras que Mounier descont\u00f3 para los locales. Con este resultado, el PSG lleg\u00f3 a los 80 puntos y le sac\u00f3 ocho de ventaja al Lyon.<\/p>\n<p style=\"text-align: justify;\">Los dirigidos por Laurent Blanc buscar\u00e1n el s\u00e1bado 30 de mayo levantar el trofeo de la Copa de Francia cuando se midan en la final ante el Auxerre de la segunda divisi\u00f3n. En caso de conseguirla, PSG se har\u00eda con cuatro t\u00edtulos en este temporada: ya gan\u00f3 el Troph\u00e9e des Champions (Supercopa) y la Copa de la Liga.<\/p>\n<p style=\"text-align: justify;\"><strong>Gol de Lavezzi:<\/strong><\/p>\n<h2><iframe loading=\"lazy\" src=\"http:\/\/streamable.com\/e\/k89l\" width=\"560\" height=\"315\" frameborder=\"0\" scrolling=\"no\"><\/iframe><\/h2>\n<p style=\"text-align: justify;\">\n","protected":false},"excerpt":{"rendered":"<p>Venci\u00f3 2-1 a Montpellier con un gol de Ezequiel Lavezzi; tambi\u00e9n jug\u00f3 Javier Pastore. Paris Saint Germain consigui\u00f3 su quinto campeonato (tercero de manera consecutiva) en la Liga de Francia. Con gol de Ezequiel Lavezzi, y la presencia del flaco Javier Pastore, el equipo de la capital francesa festej\u00f3 una jornada antes de la finalizaci\u00f3n [&hellip;]<\/p>\n","protected":false},"author":15,"featured_media":29169,"comment_status":"closed","ping_status":"closed","sticky":false,"template":"","format":"standard","meta":{"_seopress_robots_primary_cat":"","_seopress_titles_title":"","_seopress_titles_desc":"","_seopress_robots_index":"","footnotes":""},"categories":[18],"tags":[4805,366,5368,4112,1155],"class_list":["post-29168","post","type-post","status-publish","format-standard","has-post-thumbnail","hentry","category-futbol-internacional","tag-ezequiel-lavezzi","tag-francia","tag-javier-pastore","tag-ligue-1","tag-psg"],"_links":{"self":[{"href":"https:\/\/www.cordobatimes.com\/deportes\/wp-json\/wp\/v2\/posts\/29168","targetHints":{"allow":["GET"]}}],"collection":[{"href":"https:\/\/www.cordobatimes.com\/deportes\/wp-json\/wp\/v2\/posts"}],"about":[{"href":"https:\/\/www.cordobatimes.com\/deportes\/wp-json\/wp\/v2\/types\/post"}],"author":[{"embeddable":true,"href":"https:\/\/www.cordobatimes.com\/deportes\/wp-json\/wp\/v2\/users\/15"}],"replies":[{"embeddable":true,"href":"https:\/\/www.cordobatimes.com\/deportes\/wp-json\/wp\/v2\/comments?post=29168"}],"version-history":[{"count":0,"href":"https:\/\/www.cordobatimes.com\/deportes\/wp-json\/wp\/v2\/posts\/29168\/revisions"}],"wp:featuredmedia":[{"embeddable":true,"href":"https:\/\/www.cordobatimes.com\/deportes\/wp-json\/wp\/v2\/media\/29169"}],"wp:attachment":[{"href":"https:\/\/www.cordobatimes.com\/deportes\/wp-json\/wp\/v2\/media?parent=29168"}],"wp:term":[{"taxonomy":"category","embeddable":true,"href":"https:\/\/www.cordobatimes.com\/deportes\/wp-json\/wp\/v2\/categories?post=29168"},{"taxonomy":"post_tag","embeddable":true,"href":"https:\/\/www.cordobatimes.com\/deportes\/wp-json\/wp\/v2\/tags?post=29168"}],"curies":[{"name":"wp","href":"https:\/\/api.w.org\/{rel}","templated":true}]}}