{"id":29165,"date":"2015-05-16T19:53:33","date_gmt":"2015-05-16T22:53:33","guid":{"rendered":"http:\/\/www.cordobatimes.com\/deportes\/?p=29165"},"modified":"2015-05-16T19:53:33","modified_gmt":"2015-05-16T22:53:33","slug":"pechito-lopez-gano-en-nurburgring","status":"publish","type":"post","link":"https:\/\/www.cordobatimes.com\/deportes\/automovilismo\/2015\/05\/16\/pechito-lopez-gano-en-nurburgring\/","title":{"rendered":"Pechito L\u00f3pez gan\u00f3 en N\u00fcrburgring"},"content":{"rendered":"<p><a href=\"http:\/\/www.cordobatimes.com\/deportes\/wp-content\/uploads\/2015\/05\/Pechito.jpg\"><img loading=\"lazy\" decoding=\"async\" class=\" size-full wp-image-29166 aligncenter\" src=\"http:\/\/www.cordobatimes.com\/deportes\/wp-content\/uploads\/2015\/05\/Pechito.jpg\" alt=\"Pechito\" width=\"1000\" height=\"560\" data-id=\"29166\" srcset=\"https:\/\/www.cordobatimes.com\/deportes\/wp-content\/uploads\/2015\/05\/Pechito.jpg 1000w, https:\/\/www.cordobatimes.com\/deportes\/wp-content\/uploads\/2015\/05\/Pechito-300x168.jpg 300w\" sizes=\"auto, (max-width: 1000px) 100vw, 1000px\" \/><\/a><\/p>\n<h3 style=\"text-align: justify;\">El cordob\u00e9s consigui\u00f3 la primera carrera y en la segunda qued\u00f3 como escolta del uno. De esta manera, el piloto de Citr\u00f6en es l\u00edder en la WTCC.<\/h3>\n<h3 style=\"text-align: justify;\"><\/h3>\n<p style=\"text-align: justify;\">\n<p style=\"text-align: justify;\">Jos\u00e9 Mar\u00eda L\u00f3pez (C-Elys\u00e9e), hizo historia hoy en el m\u00edtico circuito alem\u00e1n de N\u00fcrburgring y se qued\u00f3 con la cuarta fecha de la temporada. De esta manera, gan\u00f3 una nueva carrera en el Campeonato Mundial de Turismo (WTCC).<\/p>\n<p style=\"text-align: justify;\">Pechito, campe\u00f3n actual de la categor\u00eda, larg\u00f3 en el primer puesto y despu\u00e9s mantuvo un s\u00f3lido ritmo que lo llev\u00f3 a conseguir su cuarta victoria del a\u00f1o. El oriundo de R\u00edo Tercero fue seguido por S\u00e9bastien Loeb (C-Elys\u00e9e), Yvan Muller (C-Elys\u00e9e) y Norbert Michelisz (Honda Civic).<\/p>\n<p style=\"text-align: justify;\">Con este triunfo, L\u00f3pez fue el tercer argentino en quedarse con el primer puesto en N\u00fcrburgring en una competencia mundial. Ya lo hab\u00edan logrado en la F\u00f3rmula 1 Juan Manuel Fangio (1954, 1956 y 1957), y Carlos Reuteman (1975).<\/p>\n<p style=\"text-align: justify;\">En la segunda carrera del d\u00eda, L\u00f3pez fue segundo, detr\u00e1s del franc\u00e9s Muller, ganando tres posiciones en la \u00faltima vuelta.<\/p>\n<p style=\"text-align: justify;\">As\u00ed, Pechito se mantiene como l\u00edder del campeonato de WTCC, con 177 puntos, 50 arriba de S\u00e9bastien Loeb y 51 de Muller. La pr\u00f3xima fecha ser\u00e1 el 7 de junio en el Moscow Raceway de Rusia.<\/p>\n","protected":false},"excerpt":{"rendered":"<p>El cordob\u00e9s consigui\u00f3 la primera carrera y en la segunda qued\u00f3 como escolta del uno. De esta manera, el piloto de Citr\u00f6en es l\u00edder en la WTCC. Jos\u00e9 Mar\u00eda L\u00f3pez (C-Elys\u00e9e), hizo historia hoy en el m\u00edtico circuito alem\u00e1n de N\u00fcrburgring y se qued\u00f3 con la cuarta fecha de la temporada. De esta manera, gan\u00f3 [&hellip;]<\/p>\n","protected":false},"author":15,"featured_media":29166,"comment_status":"closed","ping_status":"closed","sticky":false,"template":"","format":"standard","meta":{"_seopress_robots_primary_cat":"","_seopress_titles_title":"","_seopress_titles_desc":"","_seopress_robots_index":"","footnotes":""},"categories":[1],"tags":[4413,198,287,413],"class_list":["post-29165","post","type-post","status-publish","format-standard","has-post-thumbnail","hentry","category-automovilismo","tag-campeonato-mundial-de-turismo","tag-jose-maria-lopez","tag-pechito-lopez","tag-wtcc"],"_links":{"self":[{"href":"https:\/\/www.cordobatimes.com\/deportes\/wp-json\/wp\/v2\/posts\/29165","targetHints":{"allow":["GET"]}}],"collection":[{"href":"https:\/\/www.cordobatimes.com\/deportes\/wp-json\/wp\/v2\/posts"}],"about":[{"href":"https:\/\/www.cordobatimes.com\/deportes\/wp-json\/wp\/v2\/types\/post"}],"author":[{"embeddable":true,"href":"https:\/\/www.cordobatimes.com\/deportes\/wp-json\/wp\/v2\/users\/15"}],"replies":[{"embeddable":true,"href":"https:\/\/www.cordobatimes.com\/deportes\/wp-json\/wp\/v2\/comments?post=29165"}],"version-history":[{"count":0,"href":"https:\/\/www.cordobatimes.com\/deportes\/wp-json\/wp\/v2\/posts\/29165\/revisions"}],"wp:featuredmedia":[{"embeddable":true,"href":"https:\/\/www.cordobatimes.com\/deportes\/wp-json\/wp\/v2\/media\/29166"}],"wp:attachment":[{"href":"https:\/\/www.cordobatimes.com\/deportes\/wp-json\/wp\/v2\/media?parent=29165"}],"wp:term":[{"taxonomy":"category","embeddable":true,"href":"https:\/\/www.cordobatimes.com\/deportes\/wp-json\/wp\/v2\/categories?post=29165"},{"taxonomy":"post_tag","embeddable":true,"href":"https:\/\/www.cordobatimes.com\/deportes\/wp-json\/wp\/v2\/tags?post=29165"}],"curies":[{"name":"wp","href":"https:\/\/api.w.org\/{rel}","templated":true}]}}