{"id":29150,"date":"2015-05-15T13:12:18","date_gmt":"2015-05-15T16:12:18","guid":{"rendered":"http:\/\/www.cordobatimes.com\/deportes\/?p=29150"},"modified":"2015-05-15T13:12:18","modified_gmt":"2015-05-15T16:12:18","slug":"la-bombonera-fue-clausurada","status":"publish","type":"post","link":"https:\/\/www.cordobatimes.com\/deportes\/futbol\/2015\/05\/15\/la-bombonera-fue-clausurada\/","title":{"rendered":"La Bombonera fue clausurada"},"content":{"rendered":"<h3 style=\"text-align: justify;\"><a href=\"http:\/\/www.cordobatimes.com\/deportes\/wp-content\/uploads\/2015\/05\/Boca1.jpg\"><img loading=\"lazy\" decoding=\"async\" class=\" size-full wp-image-29151 aligncenter\" src=\"http:\/\/www.cordobatimes.com\/deportes\/wp-content\/uploads\/2015\/05\/Boca1.jpg\" alt=\"Boca\" width=\"1000\" height=\"560\" data-id=\"29151\" srcset=\"https:\/\/www.cordobatimes.com\/deportes\/wp-content\/uploads\/2015\/05\/Boca1.jpg 1000w, https:\/\/www.cordobatimes.com\/deportes\/wp-content\/uploads\/2015\/05\/Boca1-300x168.jpg 300w\" sizes=\"auto, (max-width: 1000px) 100vw, 1000px\" \/><\/a><br \/>\nAs\u00ed lo determin\u00f3 Mart\u00edn Ocampo, Fiscal General de la Ciudad de Buenos Aires, hasta que se hagan los peritajes pertinentes que permitan tomar una decisi\u00f3n definitiva.<\/h3>\n<p style=\"text-align: justify;\">\n<p style=\"text-align: justify;\">\n<p style=\"text-align: justify;\">El estadio de Boca Juniors, &#8220;La Bombonera&#8221;, fue clausurado hoy a ra\u00edz de los incidentes de anoche que llevaron a la suspensi\u00f3n del Suplercl\u00e1sico ante River por los octavos de final de la Copa Libertadores. As\u00ed lo confirm\u00f3 el Fiscal General de la Ciudad de Buenos Aires, Mart\u00edn Ocampo.<\/p>\n<p style=\"text-align: justify;\">&#8220;La cancha de Boca est\u00e1 clausurada. En el transcurso del d\u00eda ser\u00e1 inspeccionada&#8221;, fueron las palabras de Ocampo en declaraciones efectuadas a los medios de prensa. El funcionario agreg\u00f3 que se secuestr\u00f3 la manga en la que se arroj\u00f3 el gas pimienta que afect\u00f3 a los futbolistas millonarios Leonardo Ponzio, Leonel Vangioni, Ramiro Funes Mori y Mat\u00edas Kranevitter.<\/p>\n<p style=\"text-align: justify;\">&#8220;Se procedi\u00f3 al secuestro de la manga y tambi\u00e9n de las camisetas de los futbolistas de River para verificar si tienen gas pimienta&#8221;, a\u00f1adi\u00f3 finalmente Ocampo, quien coment\u00f3 que ahora habr\u00e1 que esperar el resultado de los peritajes que permitan definir una sanci\u00f3n.<\/p>\n","protected":false},"excerpt":{"rendered":"<p>As\u00ed lo determin\u00f3 Mart\u00edn Ocampo, Fiscal General de la Ciudad de Buenos Aires, hasta que se hagan los peritajes pertinentes que permitan tomar una decisi\u00f3n definitiva. El estadio de Boca Juniors, &#8220;La Bombonera&#8221;, fue clausurado hoy a ra\u00edz de los incidentes de anoche que llevaron a la suspensi\u00f3n del Suplercl\u00e1sico ante River por los octavos [&hellip;]<\/p>\n","protected":false},"author":15,"featured_media":29151,"comment_status":"closed","ping_status":"closed","sticky":false,"template":"","format":"standard","meta":{"_seopress_robots_primary_cat":"","_seopress_titles_title":"","_seopress_titles_desc":"","_seopress_robots_index":"","footnotes":""},"categories":[21,2],"tags":[2333,219,3664,922],"class_list":["post-29150","post","type-post","status-publish","format-standard","has-post-thumbnail","hentry","category-copa-libertadores","category-futbol","tag-boca-river","tag-copa-libertadores-2","tag-la-bombonera","tag-suspension"],"_links":{"self":[{"href":"https:\/\/www.cordobatimes.com\/deportes\/wp-json\/wp\/v2\/posts\/29150","targetHints":{"allow":["GET"]}}],"collection":[{"href":"https:\/\/www.cordobatimes.com\/deportes\/wp-json\/wp\/v2\/posts"}],"about":[{"href":"https:\/\/www.cordobatimes.com\/deportes\/wp-json\/wp\/v2\/types\/post"}],"author":[{"embeddable":true,"href":"https:\/\/www.cordobatimes.com\/deportes\/wp-json\/wp\/v2\/users\/15"}],"replies":[{"embeddable":true,"href":"https:\/\/www.cordobatimes.com\/deportes\/wp-json\/wp\/v2\/comments?post=29150"}],"version-history":[{"count":0,"href":"https:\/\/www.cordobatimes.com\/deportes\/wp-json\/wp\/v2\/posts\/29150\/revisions"}],"wp:featuredmedia":[{"embeddable":true,"href":"https:\/\/www.cordobatimes.com\/deportes\/wp-json\/wp\/v2\/media\/29151"}],"wp:attachment":[{"href":"https:\/\/www.cordobatimes.com\/deportes\/wp-json\/wp\/v2\/media?parent=29150"}],"wp:term":[{"taxonomy":"category","embeddable":true,"href":"https:\/\/www.cordobatimes.com\/deportes\/wp-json\/wp\/v2\/categories?post=29150"},{"taxonomy":"post_tag","embeddable":true,"href":"https:\/\/www.cordobatimes.com\/deportes\/wp-json\/wp\/v2\/tags?post=29150"}],"curies":[{"name":"wp","href":"https:\/\/api.w.org\/{rel}","templated":true}]}}