{"id":29117,"date":"2015-05-13T13:33:48","date_gmt":"2015-05-13T16:33:48","guid":{"rendered":"http:\/\/www.cordobatimes.com\/deportes\/?p=29117"},"modified":"2015-05-13T13:33:48","modified_gmt":"2015-05-13T16:33:48","slug":"champions-league-bayern-gano-pero-barcelona-se-metio-a-la-final","status":"publish","type":"post","link":"https:\/\/www.cordobatimes.com\/deportes\/futbol-internacional\/2015\/05\/13\/champions-league-bayern-gano-pero-barcelona-se-metio-a-la-final\/","title":{"rendered":"Champions League: Bayern gan\u00f3, pero Barcelona se meti\u00f3 a la final"},"content":{"rendered":"<p><a href=\"http:\/\/www.cordobatimes.com\/deportes\/wp-content\/uploads\/2015\/05\/Bar.jpg\"><img loading=\"lazy\" decoding=\"async\" class=\" size-full wp-image-29118 aligncenter\" src=\"http:\/\/www.cordobatimes.com\/deportes\/wp-content\/uploads\/2015\/05\/Bar.jpg\" alt=\"Bar\" width=\"1000\" height=\"560\" data-id=\"29118\" srcset=\"https:\/\/www.cordobatimes.com\/deportes\/wp-content\/uploads\/2015\/05\/Bar.jpg 1000w, https:\/\/www.cordobatimes.com\/deportes\/wp-content\/uploads\/2015\/05\/Bar-300x168.jpg 300w\" sizes=\"auto, (max-width: 1000px) 100vw, 1000px\" \/><\/a><\/p>\n<h3 style=\"text-align: justify;\">Los alemanes ganaron por 3-2, pero el conjunto Catal\u00e1n se clasific\u00f3 gracias al 3-0 obtenido en la ida. Benatia, Lewandowski y Muller marcaron para el Bayern; Neymar (por duplicado), lo hizo para los cul\u00e9.<\/h3>\n<h3 style=\"text-align: justify;\"><\/h3>\n<p style=\"text-align: justify;\">\n<p style=\"text-align: justify;\">Barcelona es el primer finalista de la Liga de Campeones pese a caer por 3-2 en Munich frente al Bayern en lo que fue el partido de vuelta de las semifinales del torneo m\u00e1s importante de Europa.<\/p>\n<p style=\"text-align: justify;\">As\u00ed, el conjunto blaugrana jugar\u00e1 el 6 de junio en Berl\u00edn la final del torneo frente al vencedor de la llave entre el Real Madrid y la Juventus, que se miden esta tarde en Espa\u00f1a. En la ida e equipo italiano se impuso por 2 a 1.<\/p>\n<p style=\"text-align: justify;\">Medhi Benatia adelant\u00f3 a los locales en el minuto 7 al rematar de cabeza un bal\u00f3n inalcanzable para el portero Marc-Andr\u00e9 Ter Stegen, tras centro de Xabi Alonso. El empate lleg\u00f3 a los 15, luego de que Luis Su\u00e1rez le cediera la pelota a Neymar y este definiera con el arco solo.<\/p>\n<p style=\"text-align: justify;\">A los 29 los catalanes se pusieron en ventaja nuevamente mediante el brasile\u00f1o Neymar, quien anot\u00f3 sin posici\u00f3n del guardameta rival luego de una jugada de Luis Su\u00e1rez.<\/p>\n<p style=\"text-align: justify;\">Ya en el complemento, a los 14, Bayern lleg\u00f3 al empate con un tanto del polaco Robert Lewandowski, quien se deshizo de la marca de Javier Mascherano y resolvi\u00f3 con un remate cruzado desde el borde del \u00e1rea. Por \u00faltimo, Thomas Muller puso el 3-2 a los 74 con un disparo colocado desde la puerta del \u00e1rea.<\/p>\n<p style=\"text-align: justify;\">De esta manera Barcelona se meti\u00f3 en la final y espera rival para el 6 de junio en Berl\u00edn.<\/p>\n","protected":false},"excerpt":{"rendered":"<p>Los alemanes ganaron por 3-2, pero el conjunto Catal\u00e1n se clasific\u00f3 gracias al 3-0 obtenido en la ida. Benatia, Lewandowski y Muller marcaron para el Bayern; Neymar (por duplicado), lo hizo para los cul\u00e9. Barcelona es el primer finalista de la Liga de Campeones pese a caer por 3-2 en Munich frente al Bayern en [&hellip;]<\/p>\n","protected":false},"author":15,"featured_media":29118,"comment_status":"closed","ping_status":"closed","sticky":false,"template":"","format":"standard","meta":{"_seopress_robots_primary_cat":"","_seopress_titles_title":"","_seopress_titles_desc":"","_seopress_robots_index":"","footnotes":""},"categories":[18],"tags":[5350,1394,111],"class_list":["post-29117","post","type-post","status-publish","format-standard","has-post-thumbnail","hentry","category-futbol-internacional","tag-barcelona-bayern-munich","tag-copa-de-campeones","tag-uefa"],"_links":{"self":[{"href":"https:\/\/www.cordobatimes.com\/deportes\/wp-json\/wp\/v2\/posts\/29117","targetHints":{"allow":["GET"]}}],"collection":[{"href":"https:\/\/www.cordobatimes.com\/deportes\/wp-json\/wp\/v2\/posts"}],"about":[{"href":"https:\/\/www.cordobatimes.com\/deportes\/wp-json\/wp\/v2\/types\/post"}],"author":[{"embeddable":true,"href":"https:\/\/www.cordobatimes.com\/deportes\/wp-json\/wp\/v2\/users\/15"}],"replies":[{"embeddable":true,"href":"https:\/\/www.cordobatimes.com\/deportes\/wp-json\/wp\/v2\/comments?post=29117"}],"version-history":[{"count":0,"href":"https:\/\/www.cordobatimes.com\/deportes\/wp-json\/wp\/v2\/posts\/29117\/revisions"}],"wp:featuredmedia":[{"embeddable":true,"href":"https:\/\/www.cordobatimes.com\/deportes\/wp-json\/wp\/v2\/media\/29118"}],"wp:attachment":[{"href":"https:\/\/www.cordobatimes.com\/deportes\/wp-json\/wp\/v2\/media?parent=29117"}],"wp:term":[{"taxonomy":"category","embeddable":true,"href":"https:\/\/www.cordobatimes.com\/deportes\/wp-json\/wp\/v2\/categories?post=29117"},{"taxonomy":"post_tag","embeddable":true,"href":"https:\/\/www.cordobatimes.com\/deportes\/wp-json\/wp\/v2\/tags?post=29117"}],"curies":[{"name":"wp","href":"https:\/\/api.w.org\/{rel}","templated":true}]}}