{"id":29078,"date":"2015-05-10T19:01:25","date_gmt":"2015-05-10T22:01:25","guid":{"rendered":"http:\/\/www.cordobatimes.com\/deportes\/?p=29078"},"modified":"2015-05-10T19:01:25","modified_gmt":"2015-05-10T22:01:25","slug":"le-preguntaron-si-vuelve-a-boca-y-esto-contesto","status":"publish","type":"post","link":"https:\/\/www.cordobatimes.com\/deportes\/futbol-internacional\/2015\/05\/10\/le-preguntaron-si-vuelve-a-boca-y-esto-contesto\/","title":{"rendered":"Le preguntaron si vuelve a Boca y esto contest\u00f3"},"content":{"rendered":"<h3><a href=\"http:\/\/www.cordobatimes.com\/deportes\/wp-content\/uploads\/2015\/04\/tevez.jpg\"><img loading=\"lazy\" decoding=\"async\" class=\"  wp-image-28934 aligncenter\" src=\"http:\/\/www.cordobatimes.com\/deportes\/wp-content\/uploads\/2015\/04\/tevez.jpg\" alt=\"tevez\" width=\"676\" height=\"450\" data-id=\"28934\" srcset=\"https:\/\/www.cordobatimes.com\/deportes\/wp-content\/uploads\/2015\/04\/tevez.jpg 620w, https:\/\/www.cordobatimes.com\/deportes\/wp-content\/uploads\/2015\/04\/tevez-300x200.jpg 300w\" sizes=\"auto, (max-width: 676px) 100vw, 676px\" \/><\/a><\/h3>\n<h3><strong>Carlos Tevez fue entrevistado en Italia y desliz\u00f3 que cumplir\u00e1 su contrato con la Juventus. El v\u00ednculo finaliza en 2016.<\/strong><\/h3>\n<p>&nbsp;<\/p>\n<p>El crack de Juventus de Italia Carlos Tevez desliz\u00f3 en una entrevista que cumplir\u00e1 su contrato con el club italiano, hasta junio de 2016, y de esa manera cerr\u00f3 la posibilidad del regreso a Boca Juniors para mediados de este a\u00f1o.<\/p>\n<p>Tevez, quien en la semana fue multado con la quita de la licencia de conducir por haberse excedido en velocidad el jueves pasado, fue eje de una entrevista en el programa de televisi\u00f3n italiano Striscia que le obsequi\u00f3 el Tapir de Oro por haber sido la figura en el triunfo 2-1 ante Real Madrid por la ida de las semifinales de la Liga de Campeones de Europa y por el incidente como conductor.<\/p>\n<p>Luego de varias preguntas relacionadas al hecho automovil\u00edstico, el \u00faltimo interrogante estuvo relacionado con su continuidad en Juventus, oportunidad en que Tevez manifest\u00f3 que &#8220;me quedo para ganar otro &#8216;Tapir'&#8221;.<\/p>\n<p>El ex delantero de Boca Juniors, de 31 a\u00f1os, tiene v\u00ednculo con Juventus hasta junio de 2016, pero en lo que va del a\u00f1o se mencion\u00f3 la posibilidad de su regreso a Boca, el club de sus amores, una vez finalizada la presente temporada. El propio futbolista manifest\u00f3 deseos de volver al equipo donde inici\u00f3 su carrera (2001\/2002), pero en las \u00faltimas semanas no quiso referirse al tema y el presidente de Boca Social, Enzo Pagani, desestim\u00f3 el jueves pasado cualquier tipo de negociaci\u00f3n por el \u00eddolo xeneize.<\/p>\n<p>Carlos Tevez comenz\u00f3 su carrera futbol\u00edstica en Boca Juniors en la temporada 2001\/2002 y defendi\u00f3 la casaca azul y oro hasta el 2005, cuando fue transferido a Corinthians de Brasil. En el club de sus amores gan\u00f3 el torneo Apertura 2003, Copa Libertadores 2003, Copa Intercontinental 2003 y Copa Sudamericana 2004.<\/p>\n","protected":false},"excerpt":{"rendered":"<p>Carlos Tevez fue entrevistado en Italia y desliz\u00f3 que cumplir\u00e1 su contrato con la Juventus. El v\u00ednculo finaliza en 2016. &nbsp; El crack de Juventus de Italia Carlos Tevez desliz\u00f3 en una entrevista que cumplir\u00e1 su contrato con el club italiano, hasta junio de 2016, y de esa manera cerr\u00f3 la posibilidad del regreso a [&hellip;]<\/p>\n","protected":false},"author":1,"featured_media":28934,"comment_status":"closed","ping_status":"closed","sticky":false,"template":"","format":"standard","meta":{"_seopress_robots_primary_cat":"","_seopress_titles_title":"","_seopress_titles_desc":"","_seopress_robots_index":"","footnotes":""},"categories":[18],"tags":[890,5346,5347],"class_list":["post-29078","post","type-post","status-publish","format-standard","has-post-thumbnail","hentry","category-futbol-internacional","tag-carlos-tevez","tag-juventus-de-italia","tag-vuelta-a-boca"],"_links":{"self":[{"href":"https:\/\/www.cordobatimes.com\/deportes\/wp-json\/wp\/v2\/posts\/29078","targetHints":{"allow":["GET"]}}],"collection":[{"href":"https:\/\/www.cordobatimes.com\/deportes\/wp-json\/wp\/v2\/posts"}],"about":[{"href":"https:\/\/www.cordobatimes.com\/deportes\/wp-json\/wp\/v2\/types\/post"}],"author":[{"embeddable":true,"href":"https:\/\/www.cordobatimes.com\/deportes\/wp-json\/wp\/v2\/users\/1"}],"replies":[{"embeddable":true,"href":"https:\/\/www.cordobatimes.com\/deportes\/wp-json\/wp\/v2\/comments?post=29078"}],"version-history":[{"count":0,"href":"https:\/\/www.cordobatimes.com\/deportes\/wp-json\/wp\/v2\/posts\/29078\/revisions"}],"wp:featuredmedia":[{"embeddable":true,"href":"https:\/\/www.cordobatimes.com\/deportes\/wp-json\/wp\/v2\/media\/28934"}],"wp:attachment":[{"href":"https:\/\/www.cordobatimes.com\/deportes\/wp-json\/wp\/v2\/media?parent=29078"}],"wp:term":[{"taxonomy":"category","embeddable":true,"href":"https:\/\/www.cordobatimes.com\/deportes\/wp-json\/wp\/v2\/categories?post=29078"},{"taxonomy":"post_tag","embeddable":true,"href":"https:\/\/www.cordobatimes.com\/deportes\/wp-json\/wp\/v2\/tags?post=29078"}],"curies":[{"name":"wp","href":"https:\/\/api.w.org\/{rel}","templated":true}]}}