{"id":29074,"date":"2015-05-10T18:57:24","date_gmt":"2015-05-10T21:57:24","guid":{"rendered":"http:\/\/www.cordobatimes.com\/deportes\/?p=29074"},"modified":"2015-05-10T18:57:35","modified_gmt":"2015-05-10T21:57:35","slug":"el-flaco-ardusso-hizo-vibrar-el-autodromo-de-viedma","status":"publish","type":"post","link":"https:\/\/www.cordobatimes.com\/deportes\/automovilismo\/2015\/05\/10\/el-flaco-ardusso-hizo-vibrar-el-autodromo-de-viedma\/","title":{"rendered":"El Flaco Ardusso hizo vibrar el aut\u00f3dromo de Viedma"},"content":{"rendered":"<h3><a href=\"http:\/\/www.cordobatimes.com\/deportes\/wp-content\/uploads\/2015\/05\/ardusso.jpg_35960795.jpg\"><img loading=\"lazy\" decoding=\"async\" class=\"alignnone size-full wp-image-29075\" src=\"http:\/\/www.cordobatimes.com\/deportes\/wp-content\/uploads\/2015\/05\/ardusso.jpg_35960795.jpg\" alt=\"ardusso.jpg_35960795\" width=\"624\" height=\"468\" data-id=\"29075\" srcset=\"https:\/\/www.cordobatimes.com\/deportes\/wp-content\/uploads\/2015\/05\/ardusso.jpg_35960795.jpg 624w, https:\/\/www.cordobatimes.com\/deportes\/wp-content\/uploads\/2015\/05\/ardusso.jpg_35960795-300x225.jpg 300w\" sizes=\"auto, (max-width: 624px) 100vw, 624px\" \/><\/a><\/h3>\n<h3><strong>El piloto de Las Parejas (Dodge) se adue\u00f1\u00f3 de la cuarta fecha del Turismo Carretera. Lo siguieron Canapino (Chevrolet) y el Gur\u00ed Mart\u00ednez (Ford). El mendocino Mat\u00edas Jalaf termin\u00f3 en la 31\u00b0 colocaci\u00f3n.<\/strong><\/h3>\n<p>&nbsp;<\/p>\n<div class=\"cuerpoNota\">Facundo Ardusso, con Dodge, se impuso en la cuarta fecha del campeonato anual de Turismo Carretera. El piloto de Las Parejas super\u00f3 en el aut\u00f3dromo de Viedma a Agust\u00edn Canapino y a Omar Gur\u00ed Mart\u00ednez.El mendocino Mat\u00edas Jalaf (Ford), con la nueva unidad de Catal\u00e1n Magni, se ubic\u00f3 en la 30\u00b0 colocaci\u00f3n.<\/p>\n<p>La pr\u00f3xima fecha ser\u00e1 el 31 de mayo en Concepci\u00f3n del Uruguay.<\/p>\n<p><strong><a href=\"http:\/\/actc.org.ar\/tc\/carrera-online\/2015\/tanda-corriendo\/fecha-4-viedma_449.html\" target=\"_blank\">Toda la clasificaci\u00f3n<\/a><\/strong><\/p>\n<p><img decoding=\"async\" src=\"http:\/\/www.diariouno.com.ar\/export\/sites\/diario_uno\/imagenes\/2015\/05\/10\/tabla.jpg\" alt=\"\" \/><\/p>\n<p><img decoding=\"async\" src=\"http:\/\/www.diariouno.com.ar\/export\/sites\/diario_uno\/imagenes\/2015\/05\/10\/ardusso1.jpg\" alt=\"\" \/><\/p>\n<\/div>\n<div class=\"relacionadas\">\n<h3>Noticias Relacionadas<\/h3>\n<\/div>\n","protected":false},"excerpt":{"rendered":"<p>El piloto de Las Parejas (Dodge) se adue\u00f1\u00f3 de la cuarta fecha del Turismo Carretera. Lo siguieron Canapino (Chevrolet) y el Gur\u00ed Mart\u00ednez (Ford). El mendocino Mat\u00edas Jalaf termin\u00f3 en la 31\u00b0 colocaci\u00f3n. &nbsp; Facundo Ardusso, con Dodge, se impuso en la cuarta fecha del campeonato anual de Turismo Carretera. El piloto de Las Parejas [&hellip;]<\/p>\n","protected":false},"author":1,"featured_media":29075,"comment_status":"closed","ping_status":"closed","sticky":false,"template":"","format":"standard","meta":{"_seopress_robots_primary_cat":"","_seopress_titles_title":"","_seopress_titles_desc":"","_seopress_robots_index":"","footnotes":""},"categories":[1,9],"tags":[678,5345],"class_list":["post-29074","post","type-post","status-publish","format-standard","has-post-thumbnail","hentry","category-automovilismo","category-tc","tag-facundo-ardusso","tag-tc-en-viedma"],"_links":{"self":[{"href":"https:\/\/www.cordobatimes.com\/deportes\/wp-json\/wp\/v2\/posts\/29074","targetHints":{"allow":["GET"]}}],"collection":[{"href":"https:\/\/www.cordobatimes.com\/deportes\/wp-json\/wp\/v2\/posts"}],"about":[{"href":"https:\/\/www.cordobatimes.com\/deportes\/wp-json\/wp\/v2\/types\/post"}],"author":[{"embeddable":true,"href":"https:\/\/www.cordobatimes.com\/deportes\/wp-json\/wp\/v2\/users\/1"}],"replies":[{"embeddable":true,"href":"https:\/\/www.cordobatimes.com\/deportes\/wp-json\/wp\/v2\/comments?post=29074"}],"version-history":[{"count":0,"href":"https:\/\/www.cordobatimes.com\/deportes\/wp-json\/wp\/v2\/posts\/29074\/revisions"}],"wp:featuredmedia":[{"embeddable":true,"href":"https:\/\/www.cordobatimes.com\/deportes\/wp-json\/wp\/v2\/media\/29075"}],"wp:attachment":[{"href":"https:\/\/www.cordobatimes.com\/deportes\/wp-json\/wp\/v2\/media?parent=29074"}],"wp:term":[{"taxonomy":"category","embeddable":true,"href":"https:\/\/www.cordobatimes.com\/deportes\/wp-json\/wp\/v2\/categories?post=29074"},{"taxonomy":"post_tag","embeddable":true,"href":"https:\/\/www.cordobatimes.com\/deportes\/wp-json\/wp\/v2\/tags?post=29074"}],"curies":[{"name":"wp","href":"https:\/\/api.w.org\/{rel}","templated":true}]}}