{"id":29062,"date":"2015-05-10T16:13:00","date_gmt":"2015-05-10T19:13:00","guid":{"rendered":"http:\/\/www.cordobatimes.com\/deportes\/?p=29062"},"modified":"2018-04-23T16:19:18","modified_gmt":"2018-04-23T19:19:18","slug":"boca-defiende-la-punta-ante-independiente","status":"publish","type":"post","link":"https:\/\/www.cordobatimes.com\/deportes\/futbol\/2015\/05\/10\/boca-defiende-la-punta-ante-independiente\/","title":{"rendered":"Boca defiende la punta ante Independiente"},"content":{"rendered":"<p><strong><a href=\"http:\/\/www.cordobatimes.com\/deportes\/wp-content\/uploads\/2015\/05\/ultimo-boca-independiente-8280705460.jpg\"><img loading=\"lazy\" decoding=\"async\" class=\" size-full wp-image-29063 aligncenter\" src=\"http:\/\/www.cordobatimes.com\/deportes\/wp-content\/uploads\/2015\/05\/ultimo-boca-independiente-8280705460.jpg\" alt=\"ultimo-boca-independiente-8280705460\" width=\"610\" height=\"407\" data-id=\"29063\" srcset=\"https:\/\/www.cordobatimes.com\/deportes\/wp-content\/uploads\/2015\/05\/ultimo-boca-independiente-8280705460.jpg 610w, https:\/\/www.cordobatimes.com\/deportes\/wp-content\/uploads\/2015\/05\/ultimo-boca-independiente-8280705460-300x200.jpg 300w\" sizes=\"auto, (max-width: 610px) 100vw, 610px\" \/><\/a><\/strong><\/p>\n<p><strong>A las 21.30, se miden en Avellaneda; televisa Canal 7.<\/strong><\/p>\n<p>&nbsp;<\/p>\n<p>Boca , herido por la derrota en el supercl\u00e1sico con River en la ida de los octavos de final de la Copa Libertadores, intentar\u00e1 enfocarse en el torneo local y conservar el primer puesto, cuando visite a Independiente , sumido en una racha negativa.<\/p>\n<p>El encuentro se jugar\u00e1 a partir de las 21.30 en la cancha de Independiente, en Avellaneda, ser\u00e1 arbitrado por Silvio Trucco y lo transmitir\u00e1 la Televisi\u00f3n P\u00fablica.<\/p>\n<p>El equipo xeneize, l\u00edder con 27 puntos, transit\u00f3 una semana con sensaciones ambiguas, ya que primero festej\u00f3 su victoria del domingo pasado ante River (2-0) por el torneo local, pero luego, el jueves, perdi\u00f3 el supercl\u00e1sico copero por 1-0 en el Monumental, en una derrota que cal\u00f3 hondo.<\/p>\n<p>De hecho, la ca\u00edda dej\u00f3 secuelas inmediatas y el entrenador Rodolfo Arruabarrena pondr\u00e1 un equipo alternativo en Avellaneda, frente a un rival cl\u00e1sico como Independiente, que tiene 15 unidades y, con una racha adversa de cuatro empates y una derrota.<\/p>\n<p>As\u00ed, Boca pondr\u00e1 en Avellaneda a una defensa in\u00e9dita en la que sobresale la presencia del zaguero uruguayo Alexis Rol\u00edn, adquirido en enero pasado al Catania pero que no pudo debutar por diversas lesiones que lo aquejaron, y se completa con el juvenil Juan Cruz Komar, el chileno Jos\u00e9 Fuenzalida y Luciano Monz\u00f3n.<\/p>\n<p>En el medio jugar\u00e1 Marcelo Meli, uno de los jugadores m\u00e1s importantes que tiene Boca, pero ignorado por el Vasco Arruabarrena para el partido del jueves \u00faltimo ante River, y tendr\u00e1n una oportunidad de mostrarse Gonzalo Castellani y Federico Bravo, \u00e9ste \u00faltimo con chances de mostrarse en un puesto vacante. En ofensiva, Boca pondr\u00e1 a tres futbolistas que ser\u00edan titulares en cualquier equipo: Juan Manuel Burrito Mart\u00ednez, Jonathan Calleri y Andr\u00e9s Ch\u00e1vez.<\/p>\n<p>Enfrente estar\u00e1 Independiente, en un partido clave para el cuestionado entrenador Jorge Almir\u00f3n, quien de ganarle a Boca conseguir\u00eda un cr\u00e9dito que por estas horas no tiene. En caso contrario, si le toca perder, su tiempo en el club estar\u00e1 extinguido.<\/p>\n<p>El DT del Rojo har\u00e1 dos variantes obligadas, ya que Gustavo Toledo sufri\u00f3 una distensi\u00f3n en el isquiotibial izquierdo y Jes\u00fas M\u00e9ndez un desgarro en el recto anterior derecho. Ambos ser\u00e1n reemplazados por N\u00e9stor Breitenbruch y Juli\u00e1n Vitale, respectivamente.<\/p>\n<h2>Las probables formaciones<\/h2>\n<p><b>Independiente:<\/b> Diego Mat\u00edas Rodr\u00edguez; N\u00e9stor Breitenbruch, Mauricio Victorino, Emanuel Aguilera y Nicol\u00e1s Tagliafico; Mat\u00edas Pisano, Juli\u00e1n Vitale, Federico Mancuello y Francisco Pizzini; Lucas Albertengo y Mart\u00edn Ben\u00edtez. DT: Jorge Almir\u00f3n.<\/p>\n<p><b>Boca Juniors:<\/b> Guillermo Sara; Jos\u00e9 Fuenzalida, Alexis Rol\u00edn, Juan Cruz Komar y Luciano Monz\u00f3n; Marcelo Meli o Franco Cristaldo, Federico Bravo y Gonzalo Castellani; Juan Manuel Mart\u00ednez, Jonathan Calleri y Andr\u00e9s Ch\u00e1vez. DT: Rodolfo Mart\u00edn Arrubarrena.<\/p>\n<p><b>Arbitro: <\/b>Silvio Trucco.<\/p>\n<p><b>Cancha:<\/b> Independiente<\/p>\n<p><b>Hora de inicio: <\/b>21.30.<\/p>\n<p><b>TV: <\/b>Televisi\u00f3n P\u00fablica.<\/p>\n","protected":false},"excerpt":{"rendered":"<p>A las 21.30, se miden en Avellaneda; televisa Canal 7. &nbsp; Boca , herido por la derrota en el supercl\u00e1sico con River en la ida de los octavos de final de la Copa Libertadores, intentar\u00e1 enfocarse en el torneo local y conservar el primer puesto, cuando visite a Independiente , sumido en una racha negativa. [&hellip;]<\/p>\n","protected":false},"author":1,"featured_media":29063,"comment_status":"closed","ping_status":"closed","sticky":false,"template":"","format":"standard","meta":{"_seopress_robots_primary_cat":"","_seopress_titles_title":"","_seopress_titles_desc":"","_seopress_robots_index":"","footnotes":""},"categories":[2,16],"tags":[5343,314,2115],"class_list":["post-29062","post","type-post","status-publish","format-standard","has-post-thumbnail","hentry","category-futbol","category-primera-division","tag-boca-vs-independiente","tag-formaciones","tag-previa"],"_links":{"self":[{"href":"https:\/\/www.cordobatimes.com\/deportes\/wp-json\/wp\/v2\/posts\/29062","targetHints":{"allow":["GET"]}}],"collection":[{"href":"https:\/\/www.cordobatimes.com\/deportes\/wp-json\/wp\/v2\/posts"}],"about":[{"href":"https:\/\/www.cordobatimes.com\/deportes\/wp-json\/wp\/v2\/types\/post"}],"author":[{"embeddable":true,"href":"https:\/\/www.cordobatimes.com\/deportes\/wp-json\/wp\/v2\/users\/1"}],"replies":[{"embeddable":true,"href":"https:\/\/www.cordobatimes.com\/deportes\/wp-json\/wp\/v2\/comments?post=29062"}],"version-history":[{"count":0,"href":"https:\/\/www.cordobatimes.com\/deportes\/wp-json\/wp\/v2\/posts\/29062\/revisions"}],"wp:featuredmedia":[{"embeddable":true,"href":"https:\/\/www.cordobatimes.com\/deportes\/wp-json\/wp\/v2\/media\/29063"}],"wp:attachment":[{"href":"https:\/\/www.cordobatimes.com\/deportes\/wp-json\/wp\/v2\/media?parent=29062"}],"wp:term":[{"taxonomy":"category","embeddable":true,"href":"https:\/\/www.cordobatimes.com\/deportes\/wp-json\/wp\/v2\/categories?post=29062"},{"taxonomy":"post_tag","embeddable":true,"href":"https:\/\/www.cordobatimes.com\/deportes\/wp-json\/wp\/v2\/tags?post=29062"}],"curies":[{"name":"wp","href":"https:\/\/api.w.org\/{rel}","templated":true}]}}