{"id":29051,"date":"2015-05-08T12:59:42","date_gmt":"2015-05-08T15:59:42","guid":{"rendered":"http:\/\/www.cordobatimes.com\/deportes\/?p=29051"},"modified":"2015-05-08T12:59:42","modified_gmt":"2015-05-08T15:59:42","slug":"basquet-el-preolimpico-se-jugara-en-mexico","status":"publish","type":"post","link":"https:\/\/www.cordobatimes.com\/deportes\/basquet\/2015\/05\/08\/basquet-el-preolimpico-se-jugara-en-mexico\/","title":{"rendered":"B\u00e1squet: el Preol\u00edmpico se jugar\u00e1 en M\u00e9xico"},"content":{"rendered":"<h3 style=\"text-align: justify;\"><a href=\"http:\/\/www.cordobatimes.com\/deportes\/wp-content\/uploads\/2015\/05\/FIBA.jpg\"><img loading=\"lazy\" decoding=\"async\" class=\" size-full wp-image-29052 aligncenter\" src=\"http:\/\/www.cordobatimes.com\/deportes\/wp-content\/uploads\/2015\/05\/FIBA.jpg\" alt=\"FIBA\" width=\"1023\" height=\"512\" data-id=\"29052\" srcset=\"https:\/\/www.cordobatimes.com\/deportes\/wp-content\/uploads\/2015\/05\/FIBA.jpg 1023w, https:\/\/www.cordobatimes.com\/deportes\/wp-content\/uploads\/2015\/05\/FIBA-300x150.jpg 300w, https:\/\/www.cordobatimes.com\/deportes\/wp-content\/uploads\/2015\/05\/FIBA-640x320.jpg 640w\" sizes=\"auto, (max-width: 1023px) 100vw, 1023px\" \/><\/a><br \/>\nEl torneo clasificatorio para los juegos de R\u00edo 2016 se llevar\u00e1 a cabo en la capital mexicana. En un principio iba a disputarse en la ciudad de Monterrey.<\/h3>\n<p style=\"text-align: justify;\">\n<p style=\"text-align: justify;\">\n<p style=\"text-align: justify;\">El campeonato FIBA Am\u00e9ricas 2015, clasificatorio para los Juegos Ol\u00edmpicos de R\u00edo de Janeiro 2016, se realizar\u00e1 en M\u00e9xico D.F (capital de aquel pa\u00eds). En un principio la sede iba a ser Monterrey, pero las autoridades deportivas anunciaron hoy el cambio.<\/p>\n<p style=\"text-align: justify;\">Esto se debi\u00f3 a los conflictos comerciales de la Federaci\u00f3n con la Arena de Monterrrey, donde se iban a jugar los partidos. As\u00ed lo inform\u00f3 el secretario general de la FIBA Am\u00e9ricas, Alberto Garc\u00eda, quien coment\u00f3 que podr\u00eda suceder que el programa de partidos sea movido unos d\u00edas, aunque estor reci\u00e9n se sabre una vez que se defina el escenario para los juegos.<\/p>\n<p style=\"text-align: justify;\">El Preol\u00edmpico esta programado para jugarse del 25 de agosto al 6 de septiembre con la participaci\u00f3n de Argentina, Brasil, Canad\u00e1, Cuba, Panam\u00e1, Puerto Rico, Rep\u00fablica Dominicana, Uruguay, Venezuela y M\u00e9xico.<\/p>\n<p style=\"text-align: justify;\">M\u00e9xico qued\u00f3 en el grupo A junto a Panam\u00e1, Rep\u00fablica Dominicana, Brasil y Uruguay; mientras que en la zona B estar\u00e1 formada por Canad\u00e1, Cuba, Puerto Rico, Argentina y Venezuela.<\/p>\n","protected":false},"excerpt":{"rendered":"<p>El torneo clasificatorio para los juegos de R\u00edo 2016 se llevar\u00e1 a cabo en la capital mexicana. En un principio iba a disputarse en la ciudad de Monterrey. El campeonato FIBA Am\u00e9ricas 2015, clasificatorio para los Juegos Ol\u00edmpicos de R\u00edo de Janeiro 2016, se realizar\u00e1 en M\u00e9xico D.F (capital de aquel pa\u00eds). En un principio [&hellip;]<\/p>\n","protected":false},"author":15,"featured_media":29052,"comment_status":"closed","ping_status":"closed","sticky":false,"template":"","format":"standard","meta":{"_seopress_robots_primary_cat":"","_seopress_titles_title":"","_seopress_titles_desc":"","_seopress_robots_index":"","footnotes":""},"categories":[3],"tags":[5340,5341],"class_list":["post-29051","post","type-post","status-publish","format-standard","has-post-thumbnail","hentry","category-basquet","tag-fiba-americas","tag-preolimpico"],"_links":{"self":[{"href":"https:\/\/www.cordobatimes.com\/deportes\/wp-json\/wp\/v2\/posts\/29051","targetHints":{"allow":["GET"]}}],"collection":[{"href":"https:\/\/www.cordobatimes.com\/deportes\/wp-json\/wp\/v2\/posts"}],"about":[{"href":"https:\/\/www.cordobatimes.com\/deportes\/wp-json\/wp\/v2\/types\/post"}],"author":[{"embeddable":true,"href":"https:\/\/www.cordobatimes.com\/deportes\/wp-json\/wp\/v2\/users\/15"}],"replies":[{"embeddable":true,"href":"https:\/\/www.cordobatimes.com\/deportes\/wp-json\/wp\/v2\/comments?post=29051"}],"version-history":[{"count":0,"href":"https:\/\/www.cordobatimes.com\/deportes\/wp-json\/wp\/v2\/posts\/29051\/revisions"}],"wp:featuredmedia":[{"embeddable":true,"href":"https:\/\/www.cordobatimes.com\/deportes\/wp-json\/wp\/v2\/media\/29052"}],"wp:attachment":[{"href":"https:\/\/www.cordobatimes.com\/deportes\/wp-json\/wp\/v2\/media?parent=29051"}],"wp:term":[{"taxonomy":"category","embeddable":true,"href":"https:\/\/www.cordobatimes.com\/deportes\/wp-json\/wp\/v2\/categories?post=29051"},{"taxonomy":"post_tag","embeddable":true,"href":"https:\/\/www.cordobatimes.com\/deportes\/wp-json\/wp\/v2\/tags?post=29051"}],"curies":[{"name":"wp","href":"https:\/\/api.w.org\/{rel}","templated":true}]}}