{"id":29048,"date":"2015-05-08T12:27:09","date_gmt":"2015-05-08T15:27:09","guid":{"rendered":"http:\/\/www.cordobatimes.com\/deportes\/?p=29048"},"modified":"2015-05-08T12:27:09","modified_gmt":"2015-05-08T15:27:09","slug":"boxeo-pacquiao-fue-operado-en-su-hombro","status":"publish","type":"post","link":"https:\/\/www.cordobatimes.com\/deportes\/boxeo\/2015\/05\/08\/boxeo-pacquiao-fue-operado-en-su-hombro\/","title":{"rendered":"Boxeo: Pacquiao fue operado en su hombro"},"content":{"rendered":"<h3 style=\"text-align: justify;\"><a href=\"http:\/\/www.cordobatimes.com\/deportes\/wp-content\/uploads\/2015\/05\/Box.jpg\"><img loading=\"lazy\" decoding=\"async\" class=\" size-full wp-image-29049 aligncenter\" src=\"http:\/\/www.cordobatimes.com\/deportes\/wp-content\/uploads\/2015\/05\/Box.jpg\" alt=\"Box\" width=\"1000\" height=\"560\" data-id=\"29049\" srcset=\"https:\/\/www.cordobatimes.com\/deportes\/wp-content\/uploads\/2015\/05\/Box.jpg 1000w, https:\/\/www.cordobatimes.com\/deportes\/wp-content\/uploads\/2015\/05\/Box-300x168.jpg 300w\" sizes=\"auto, (max-width: 1000px) 100vw, 1000px\" \/><\/a><\/h3>\n<h3 style=\"text-align: justify;\">El filipino debi\u00f3 ser intervenido en su hombro derecho y reci\u00e9n volver\u00eda a pelear el a\u00f1o que viene.<\/h3>\n<p style=\"text-align: justify;\">\n<p style=\"text-align: justify;\">\n<p style=\"text-align: justify;\">Manny Pacquiao fue operado exitosamente de su lesi\u00f3n en el hombro derecho y podr\u00eda volver a pelear reci\u00e9n el a\u00f1o que viene. La recuperaci\u00f3n le demandar\u00e1 entre 9 y 12 meses. La intervenci\u00f3n se llev\u00f3 a cabo en la ciudad de Los \u00c1ngeles por el m\u00e9dico Neal ElAttrache.<\/p>\n<p style=\"text-align: justify;\">Fred Stenburg, vocero de Pacquiao, declar\u00f3: &#8220;el cirujano estuvo encantado con el resultado y que espera que Manny pueda regresar al ring. Lo \u00fanico que falta determinar es cu\u00e1ndo podr\u00e1 comenzar a rehabilitarse e incluso en cu\u00e1nto tiempo podr\u00e1 volver al gimnasio&#8221;.<\/p>\n<p style=\"text-align: justify;\">ElAttrache, quien oper\u00f3 a deportistas de la talla de Kobe Bryant, Tom Brady, Vitali Klitschko, Andre Berto, explic\u00f3 que Pacquiao ten\u00eda un &#8216;desgarro significativo&#8217; en el manguito rotador del hombro derecho.<\/p>\n","protected":false},"excerpt":{"rendered":"<p>El filipino debi\u00f3 ser intervenido en su hombro derecho y reci\u00e9n volver\u00eda a pelear el a\u00f1o que viene. Manny Pacquiao fue operado exitosamente de su lesi\u00f3n en el hombro derecho y podr\u00eda volver a pelear reci\u00e9n el a\u00f1o que viene. La recuperaci\u00f3n le demandar\u00e1 entre 9 y 12 meses. La intervenci\u00f3n se llev\u00f3 a cabo [&hellip;]<\/p>\n","protected":false},"author":15,"featured_media":29049,"comment_status":"closed","ping_status":"closed","sticky":false,"template":"","format":"standard","meta":{"_seopress_robots_primary_cat":"","_seopress_titles_title":"","_seopress_titles_desc":"","_seopress_robots_index":"","footnotes":""},"categories":[7],"tags":[5329,5327,4061],"class_list":["post-29048","post","type-post","status-publish","format-standard","has-post-thumbnail","hentry","category-boxeo","tag-manny-pacquiao","tag-pelea-del-siglo","tag-pugilismo"],"_links":{"self":[{"href":"https:\/\/www.cordobatimes.com\/deportes\/wp-json\/wp\/v2\/posts\/29048","targetHints":{"allow":["GET"]}}],"collection":[{"href":"https:\/\/www.cordobatimes.com\/deportes\/wp-json\/wp\/v2\/posts"}],"about":[{"href":"https:\/\/www.cordobatimes.com\/deportes\/wp-json\/wp\/v2\/types\/post"}],"author":[{"embeddable":true,"href":"https:\/\/www.cordobatimes.com\/deportes\/wp-json\/wp\/v2\/users\/15"}],"replies":[{"embeddable":true,"href":"https:\/\/www.cordobatimes.com\/deportes\/wp-json\/wp\/v2\/comments?post=29048"}],"version-history":[{"count":0,"href":"https:\/\/www.cordobatimes.com\/deportes\/wp-json\/wp\/v2\/posts\/29048\/revisions"}],"wp:featuredmedia":[{"embeddable":true,"href":"https:\/\/www.cordobatimes.com\/deportes\/wp-json\/wp\/v2\/media\/29049"}],"wp:attachment":[{"href":"https:\/\/www.cordobatimes.com\/deportes\/wp-json\/wp\/v2\/media?parent=29048"}],"wp:term":[{"taxonomy":"category","embeddable":true,"href":"https:\/\/www.cordobatimes.com\/deportes\/wp-json\/wp\/v2\/categories?post=29048"},{"taxonomy":"post_tag","embeddable":true,"href":"https:\/\/www.cordobatimes.com\/deportes\/wp-json\/wp\/v2\/tags?post=29048"}],"curies":[{"name":"wp","href":"https:\/\/api.w.org\/{rel}","templated":true}]}}