{"id":28952,"date":"2015-05-01T12:37:24","date_gmt":"2015-05-01T15:37:24","guid":{"rendered":"http:\/\/www.cordobatimes.com\/deportes\/?p=28952"},"modified":"2015-05-01T12:37:24","modified_gmt":"2015-05-01T15:37:24","slug":"arruabarrena-confirmo-el-equipo-para-el-superclasico","status":"publish","type":"post","link":"https:\/\/www.cordobatimes.com\/deportes\/futbol\/2015\/05\/01\/arruabarrena-confirmo-el-equipo-para-el-superclasico\/","title":{"rendered":"Arruabarrena confirm\u00f3 el equipo para el Supercl\u00e1sico"},"content":{"rendered":"<p><a href=\"http:\/\/www.cordobatimes.com\/deportes\/wp-content\/uploads\/2015\/05\/Boca.jpg\"><img loading=\"lazy\" decoding=\"async\" class=\" size-full wp-image-28953 aligncenter\" src=\"http:\/\/www.cordobatimes.com\/deportes\/wp-content\/uploads\/2015\/05\/Boca.jpg\" alt=\"Boca\" width=\"1000\" height=\"560\" data-id=\"28953\" srcset=\"https:\/\/www.cordobatimes.com\/deportes\/wp-content\/uploads\/2015\/05\/Boca.jpg 1000w, https:\/\/www.cordobatimes.com\/deportes\/wp-content\/uploads\/2015\/05\/Boca-300x168.jpg 300w\" sizes=\"auto, (max-width: 1000px) 100vw, 1000px\" \/><\/a><\/p>\n<h3 style=\"text-align: justify;\">El DT xeneize practic\u00f3 esta ma\u00f1ana con los once que disputar\u00e1n el supercl\u00e1sico del domingo por el campeonato local. Osvaldo ir\u00e1 desde el arranque.<\/h3>\n<p style=\"text-align: justify;\">\n<p style=\"text-align: justify;\">\n<p style=\"text-align: justify;\">Rodolfo Arruabarrena confirm\u00f3 el once titular que afrontar\u00e1 el domingo el primero de los tres suplercl\u00e1sicos ante River. Sin demasiadas sorpresas, la sensaci\u00f3n es que solo algunos repetir\u00e1n el jueves en la ida por los octavos de final de la Copa Libertadores.<\/p>\n<p style=\"text-align: justify;\">Agust\u00edn Ori\u00f3n, que ya cumpli\u00f3 sus cuatro fechas de suspensi\u00f3n, volver\u00e1 al arco en lugar de Guillermo Sara. En tanto, Guillermo Burdisso acompa\u00f1ara a Daniel D\u00edaz en la zaga central. El juvenil Andr\u00e9s cubas ser\u00e1 el due\u00f1o dle mediocampo junto a C\u00e9sar Meli y Nicol\u00e1s Lodeiro. Por \u00faltimo, Daniel\u00a0Osvaldo estar\u00e1 arriba con Federico Carrizo y Andr\u00e9s Ch\u00e1vez como compa\u00f1eros.<\/p>\n<p style=\"text-align: justify;\">En conclusi\u00f3n, el equipo que intentar\u00e1 comenzar con el pie derecho la serie de partidos ante River ser\u00e1: Orion; Gino Peruzzi, Burdisso, D\u00edaz, Fabi\u00e1n Monz\u00f3n; Meli, Cubas, Lodeiro; Carrizo, Osvaldo y Ch\u00e1vez.<\/p>\n","protected":false},"excerpt":{"rendered":"<p>El DT xeneize practic\u00f3 esta ma\u00f1ana con los once que disputar\u00e1n el supercl\u00e1sico del domingo por el campeonato local. Osvaldo ir\u00e1 desde el arranque. Rodolfo Arruabarrena confirm\u00f3 el once titular que afrontar\u00e1 el domingo el primero de los tres suplercl\u00e1sicos ante River. Sin demasiadas sorpresas, la sensaci\u00f3n es que solo algunos repetir\u00e1n el jueves en [&hellip;]<\/p>\n","protected":false},"author":15,"featured_media":28953,"comment_status":"closed","ping_status":"closed","sticky":false,"template":"","format":"standard","meta":{"_seopress_robots_primary_cat":"","_seopress_titles_title":"","_seopress_titles_desc":"","_seopress_robots_index":"","footnotes":""},"categories":[2,16],"tags":[33,52,2333,2929,5323],"class_list":["post-28952","post","type-post","status-publish","format-standard","has-post-thumbnail","hentry","category-futbol","category-primera-division","tag-afa","tag-boca","tag-boca-river","tag-formacion","tag-suplerclasico"],"_links":{"self":[{"href":"https:\/\/www.cordobatimes.com\/deportes\/wp-json\/wp\/v2\/posts\/28952","targetHints":{"allow":["GET"]}}],"collection":[{"href":"https:\/\/www.cordobatimes.com\/deportes\/wp-json\/wp\/v2\/posts"}],"about":[{"href":"https:\/\/www.cordobatimes.com\/deportes\/wp-json\/wp\/v2\/types\/post"}],"author":[{"embeddable":true,"href":"https:\/\/www.cordobatimes.com\/deportes\/wp-json\/wp\/v2\/users\/15"}],"replies":[{"embeddable":true,"href":"https:\/\/www.cordobatimes.com\/deportes\/wp-json\/wp\/v2\/comments?post=28952"}],"version-history":[{"count":0,"href":"https:\/\/www.cordobatimes.com\/deportes\/wp-json\/wp\/v2\/posts\/28952\/revisions"}],"wp:featuredmedia":[{"embeddable":true,"href":"https:\/\/www.cordobatimes.com\/deportes\/wp-json\/wp\/v2\/media\/28953"}],"wp:attachment":[{"href":"https:\/\/www.cordobatimes.com\/deportes\/wp-json\/wp\/v2\/media?parent=28952"}],"wp:term":[{"taxonomy":"category","embeddable":true,"href":"https:\/\/www.cordobatimes.com\/deportes\/wp-json\/wp\/v2\/categories?post=28952"},{"taxonomy":"post_tag","embeddable":true,"href":"https:\/\/www.cordobatimes.com\/deportes\/wp-json\/wp\/v2\/tags?post=28952"}],"curies":[{"name":"wp","href":"https:\/\/api.w.org\/{rel}","templated":true}]}}