{"id":28926,"date":"2015-04-28T12:47:41","date_gmt":"2015-04-28T15:47:41","guid":{"rendered":"http:\/\/www.cordobatimes.com\/deportes\/?p=28926"},"modified":"2015-04-28T12:47:41","modified_gmt":"2015-04-28T15:47:41","slug":"boca-cubas-se-recupera-para-el-superclasico","status":"publish","type":"post","link":"https:\/\/www.cordobatimes.com\/deportes\/futbol\/2015\/04\/28\/boca-cubas-se-recupera-para-el-superclasico\/","title":{"rendered":"Boca: Cubas se recupera para el Supercl\u00e1sico"},"content":{"rendered":"<h3><strong><a href=\"http:\/\/www.cordobatimes.com\/deportes\/wp-content\/uploads\/2015\/04\/cubas.jpg\"><img loading=\"lazy\" decoding=\"async\" class=\"  wp-image-28927 aligncenter\" src=\"http:\/\/www.cordobatimes.com\/deportes\/wp-content\/uploads\/2015\/04\/cubas.jpg\" alt=\"cubas\" width=\"773\" height=\"511\" data-id=\"28927\" srcset=\"https:\/\/www.cordobatimes.com\/deportes\/wp-content\/uploads\/2015\/04\/cubas.jpg 510w, https:\/\/www.cordobatimes.com\/deportes\/wp-content\/uploads\/2015\/04\/cubas-300x198.jpg 300w\" sizes=\"auto, (max-width: 773px) 100vw, 773px\" \/><\/a><\/strong><\/h3>\n<h3><strong>El mediocampista, una de las mejores apariciones de las inferiores xeneizes en los \u00faltimos tiempos, se recuper\u00f3 del desgarro que lo aquejaba, por lo que estar\u00e1 preparado para los Supercl\u00e1sicos ante River Plate.<\/strong><\/h3>\n<p>&nbsp;<\/p>\n<p>Cubas, aquejado desde hace 10 d\u00edas por una ruptura fibrilar en el pect\u00ed\u00adneo del muslo derecho, hab\u00eda entrenado en soledad el fin de semana, ayer repiti\u00f3 una rutina f\u00edsica en doble turno y durante esta jornada trabaj\u00f3 con la pelota en la sesi\u00f3n a puertas cerradas que efectu\u00f3 Boca en el predio de Casa Amarilla.<\/p>\n<p>El jugador nacido hace 18 a\u00f1os en Arist\u00f3bulo del Valle, en Misiones, se desgarr\u00f3 en ocasi\u00f3n del partido que Boca le gan\u00f3 a Lan\u00fas (3-1) como visitante por la d\u00e9cima fecha del torneo de Primera Divisi\u00f3n, algo que caus\u00f3 alerta ya que el otro jugador que se desempe\u00f1a como volante central, Cristian Erbes, padece una lesi\u00f3n que lo mantendr\u00e1 afuera del equipo hasta agosto.<\/p>\n<p>En ese contexto, la evoluci\u00f3n de Cubas es una buena noticia para el entrenador Rodolfo Arruabarrena, ya que se acercan tres partidos clave para su ciclo ante River, el primero el domingo pr\u00f3ximo en La Boca por el torneo local, y luego el 7 y 14 de mayo, por los octavos de final de la Copa Libertadores de Am\u00e9rica.<\/p>\n<p>Cubas particip\u00f3 de las tareas recreativas con pelota y luego se calz\u00f3 una pechera blanca para la tarea t\u00e1ctica junto a Agust\u00edn Ori\u00f3n, Gino Peruzzi, Guillermo Burdisso, Daniel &#8216;Cata&#8217; D\u00edaz, Luciano Monz\u00f3n, Marcelo Meli y Nicol\u00e1s Lodeiro.<\/p>\n<p>Ese grupo era atacado por los de pechera amarilla, primero por Cristian Pav\u00f3n, Jonathan Calleri y Federico &#8216;Pachi&#8217; Carrizo, y luego por un tr\u00edo compuesto por Juan Manuel &#8216;Burrito&#8217; Mart\u00ednez, Daniel Osvaldo y Andr\u00e9s Ch\u00e1vez.<\/p>\n<p>El ensayo t\u00e1ctico, que inclu\u00eda presi\u00f3n para recuperar la pelota y tambi\u00e9n tareas de retroceso, fue dirigido por el &#8216;Vasco&#8217; Arruabarrena junto a su ayudante de campo Diego Markic.<\/p>\n<p>Luego, el DT arm\u00f3 otra defensa con Guillermo Sara, Leandro Mar\u00edn, Alexis Rol\u00edn, Marco Torsiglieri y Nicol\u00e1s Colazo, y en el medio se acoplaron Gonzalo Castellani, el cordob\u00e9s Federico Bravo y Pablo P\u00e9rez, todos con pechera blanca.<\/p>\n<p>Del otro lado, con pechera amarilla, estuvieron Osvaldo, Ch\u00e1vez, el &#8216;Burrito&#8217; Mart\u00ednez, Mauro Dalla Costa, Rodrigo Bentancur, Tom\u00e1s Pochettino, Fernando Gago y el chileno Jos\u00e9 Fuenzalida.<\/p>\n<p>Sin dudas, a cinco d\u00edas del primer supercl\u00e1sico, la recuperaci\u00f3n de Cubas fue la mejor noticia para el cuerpo t\u00e9cnico, m\u00e1s all\u00e1 de la mesura que mostr\u00f3 Arruabarrena en su \u00faltima rueda de prensa.<\/p>\n<p>&#8220;Veo dif\u00edcil que llegue para el primer partido&#8221;, lanz\u00f3 el &#8216;Vasco&#8217;, aunque el misionero hace lo posible para decir presente en ese supercl\u00e1sico inicial.<\/p>\n<p>En otro orden, Boca reiter\u00f3 que para el supercl\u00e1sico del domingo a las 18.15 en &#8216;La Bombonera&#8217; solo estar\u00e1n habilitados para ingresar al estadio 25.000 socios activos, sobre un total de 68.000, lo que seguramente no caer\u00e1 bien entre los hinchas.<\/p>\n<p>Boca adelant\u00f3 en las \u00faltimas horas que para poder ver el partido del domingo cada socio debi\u00f3 haber presenciado &#8220;tres partidos del torneo local&#8221;, caso contrario no podr\u00e1 ingresar al estadio.<\/p>\n","protected":false},"excerpt":{"rendered":"<p>El mediocampista, una de las mejores apariciones de las inferiores xeneizes en los \u00faltimos tiempos, se recuper\u00f3 del desgarro que lo aquejaba, por lo que estar\u00e1 preparado para los Supercl\u00e1sicos ante River Plate. &nbsp; Cubas, aquejado desde hace 10 d\u00edas por una ruptura fibrilar en el pect\u00ed\u00adneo del muslo derecho, hab\u00eda entrenado en soledad el [&hellip;]<\/p>\n","protected":false},"author":1,"featured_media":28927,"comment_status":"closed","ping_status":"closed","sticky":false,"template":"","format":"standard","meta":{"_seopress_robots_primary_cat":"","_seopress_titles_title":"","_seopress_titles_desc":"","_seopress_robots_index":"","footnotes":""},"categories":[2,16],"tags":[650,5313,368,5314],"class_list":["post-28926","post","type-post","status-publish","format-standard","has-post-thumbnail","hentry","category-futbol","category-primera-division","tag-boca-juniors","tag-cubas","tag-lesion","tag-superclasicos"],"_links":{"self":[{"href":"https:\/\/www.cordobatimes.com\/deportes\/wp-json\/wp\/v2\/posts\/28926","targetHints":{"allow":["GET"]}}],"collection":[{"href":"https:\/\/www.cordobatimes.com\/deportes\/wp-json\/wp\/v2\/posts"}],"about":[{"href":"https:\/\/www.cordobatimes.com\/deportes\/wp-json\/wp\/v2\/types\/post"}],"author":[{"embeddable":true,"href":"https:\/\/www.cordobatimes.com\/deportes\/wp-json\/wp\/v2\/users\/1"}],"replies":[{"embeddable":true,"href":"https:\/\/www.cordobatimes.com\/deportes\/wp-json\/wp\/v2\/comments?post=28926"}],"version-history":[{"count":0,"href":"https:\/\/www.cordobatimes.com\/deportes\/wp-json\/wp\/v2\/posts\/28926\/revisions"}],"wp:featuredmedia":[{"embeddable":true,"href":"https:\/\/www.cordobatimes.com\/deportes\/wp-json\/wp\/v2\/media\/28927"}],"wp:attachment":[{"href":"https:\/\/www.cordobatimes.com\/deportes\/wp-json\/wp\/v2\/media?parent=28926"}],"wp:term":[{"taxonomy":"category","embeddable":true,"href":"https:\/\/www.cordobatimes.com\/deportes\/wp-json\/wp\/v2\/categories?post=28926"},{"taxonomy":"post_tag","embeddable":true,"href":"https:\/\/www.cordobatimes.com\/deportes\/wp-json\/wp\/v2\/tags?post=28926"}],"curies":[{"name":"wp","href":"https:\/\/api.w.org\/{rel}","templated":true}]}}