{"id":28923,"date":"2015-04-28T12:19:14","date_gmt":"2015-04-28T15:19:14","guid":{"rendered":"http:\/\/www.cordobatimes.com\/deportes\/?p=28923"},"modified":"2015-04-28T12:19:14","modified_gmt":"2015-04-28T15:19:14","slug":"river-ya-cuenta-con-teo-mercado-y-ponzio","status":"publish","type":"post","link":"https:\/\/www.cordobatimes.com\/deportes\/futbol\/2015\/04\/28\/river-ya-cuenta-con-teo-mercado-y-ponzio\/","title":{"rendered":"River ya cuenta con Teo, Mercado y Ponzio"},"content":{"rendered":"<h3><strong><a href=\"http:\/\/www.cordobatimes.com\/deportes\/wp-content\/uploads\/2015\/04\/553f9aadafa7f_510x339.jpg\"><img loading=\"lazy\" decoding=\"async\" class=\"  wp-image-28924 aligncenter\" src=\"http:\/\/www.cordobatimes.com\/deportes\/wp-content\/uploads\/2015\/04\/553f9aadafa7f_510x339.jpg\" alt=\"553f9aadafa7f_510x339\" width=\"666\" height=\"443\" data-id=\"28924\" srcset=\"https:\/\/www.cordobatimes.com\/deportes\/wp-content\/uploads\/2015\/04\/553f9aadafa7f_510x339.jpg 510w, https:\/\/www.cordobatimes.com\/deportes\/wp-content\/uploads\/2015\/04\/553f9aadafa7f_510x339-300x199.jpg 300w\" sizes=\"auto, (max-width: 666px) 100vw, 666px\" \/><\/a><\/strong><\/h3>\n<h3><strong>El delantero colombiano, quien dej\u00f3 atr\u00e1s un estado gripal, el defensor y el mediocampista, recuperados de sus lesiones, participaron de la pr\u00e1ctica de f\u00fatbol en Ezeiza, despu\u00e9s de no viajar a San Juan para jugar frente a Hurac\u00e1n.<\/strong><\/h3>\n<p>&nbsp;<\/p>\n<p>El delantero colombiano se qued\u00f3 en Buenos Aires el fin de semana afectado por un cuadro febril, pero hoy ya no mostr\u00f3 rastros en el marco del ensayo t\u00e1ctico que dispuso el entrenador Marcelo Gallardo con los que no participaron de la final en territorio cuyano.<\/p>\n<p>En tanto, el defensor Mercado, quien est\u00e1 suspendido para jugar los dos encuentros de octavos de final de la Copa Libertadores, se mostr\u00f3 recuperado de una distensi\u00f3n en el muslo derecho, y el mediocampista Ponzio tambi\u00e9n recibi\u00f3 el alta m\u00e9dica tras reponerse de un desgarro en el cu\u00e1driceps izquierdo.<\/p>\n<p>As\u00ed, los tres jugadores est\u00e1n a disposici\u00f3n del t\u00e9cnico para el primer supercl\u00e1sico del mes, que se jugar\u00e1 este domingo en la Bombonera, por la und\u00e9cima fecha del campeonato de Primera Divisi\u00f3n.<\/p>\n<p>En la pr\u00e1ctica de hoy, Gallardo dispuso una alineaci\u00f3n compuesta por Julio Chiarini; Mercado, Emanuel Mammana, Germ\u00e1n Pezzella y Bruno Urribarri; Augusto Solari, Leonardo Ponzio, Leonardo Pisculichi y Sebasti\u00e1n Driussi; Teo Guti\u00e9rrez y Lucas Boy\u00e9, para enfrentar\u00e1 a un equipo de juveniles.<\/p>\n<p>De todas maneras, esta formaci\u00f3n sufrir\u00eda variantes de cara al &#8220;Supercl\u00e1sico local&#8221;, porque hoy el DT no cont\u00f3 con los que disputaron el encuentro contra Hurac\u00e1n en San Juan, donde River perdi\u00f3 1-0 por la final de la Supercopa, ya que solo realizaron trabajos regenerativos en el gimnasio.<\/p>\n","protected":false},"excerpt":{"rendered":"<p>El delantero colombiano, quien dej\u00f3 atr\u00e1s un estado gripal, el defensor y el mediocampista, recuperados de sus lesiones, participaron de la pr\u00e1ctica de f\u00fatbol en Ezeiza, despu\u00e9s de no viajar a San Juan para jugar frente a Hurac\u00e1n. &nbsp; El delantero colombiano se qued\u00f3 en Buenos Aires el fin de semana afectado por un cuadro [&hellip;]<\/p>\n","protected":false},"author":1,"featured_media":28924,"comment_status":"closed","ping_status":"closed","sticky":false,"template":"","format":"standard","meta":{"_seopress_robots_primary_cat":"","_seopress_titles_title":"","_seopress_titles_desc":"","_seopress_robots_index":"","footnotes":""},"categories":[2,16],"tags":[33,5311,231,5312,74,5310],"class_list":["post-28923","post","type-post","status-publish","format-standard","has-post-thumbnail","hentry","category-futbol","category-primera-division","tag-afa","tag-mercado","tag-ponzio","tag-recuperacion-de","tag-river","tag-teo"],"_links":{"self":[{"href":"https:\/\/www.cordobatimes.com\/deportes\/wp-json\/wp\/v2\/posts\/28923","targetHints":{"allow":["GET"]}}],"collection":[{"href":"https:\/\/www.cordobatimes.com\/deportes\/wp-json\/wp\/v2\/posts"}],"about":[{"href":"https:\/\/www.cordobatimes.com\/deportes\/wp-json\/wp\/v2\/types\/post"}],"author":[{"embeddable":true,"href":"https:\/\/www.cordobatimes.com\/deportes\/wp-json\/wp\/v2\/users\/1"}],"replies":[{"embeddable":true,"href":"https:\/\/www.cordobatimes.com\/deportes\/wp-json\/wp\/v2\/comments?post=28923"}],"version-history":[{"count":0,"href":"https:\/\/www.cordobatimes.com\/deportes\/wp-json\/wp\/v2\/posts\/28923\/revisions"}],"wp:featuredmedia":[{"embeddable":true,"href":"https:\/\/www.cordobatimes.com\/deportes\/wp-json\/wp\/v2\/media\/28924"}],"wp:attachment":[{"href":"https:\/\/www.cordobatimes.com\/deportes\/wp-json\/wp\/v2\/media?parent=28923"}],"wp:term":[{"taxonomy":"category","embeddable":true,"href":"https:\/\/www.cordobatimes.com\/deportes\/wp-json\/wp\/v2\/categories?post=28923"},{"taxonomy":"post_tag","embeddable":true,"href":"https:\/\/www.cordobatimes.com\/deportes\/wp-json\/wp\/v2\/tags?post=28923"}],"curies":[{"name":"wp","href":"https:\/\/api.w.org\/{rel}","templated":true}]}}