{"id":28847,"date":"2015-04-24T22:43:13","date_gmt":"2015-04-25T01:43:13","guid":{"rendered":"http:\/\/www.cordobatimes.com\/deportes\/?p=28847"},"modified":"2015-04-24T22:45:00","modified_gmt":"2015-04-25T01:45:00","slug":"el-ingles-kris-meek-gana-el-primer-dia-del-rally-mundial-en-argentina","status":"publish","type":"post","link":"https:\/\/www.cordobatimes.com\/deportes\/automovilismo\/2015\/04\/24\/el-ingles-kris-meek-gana-el-primer-dia-del-rally-mundial-en-argentina\/","title":{"rendered":"El Ingl\u00e9s Kris Meek gana el primer dia del Rally Mundial en Argentina"},"content":{"rendered":"<h3><a href=\"http:\/\/www.cordobatimes.com\/deportes\/wp-content\/uploads\/2015\/04\/MEEKE1-1-1024x683.jpg\"><img loading=\"lazy\" decoding=\"async\" class=\" size-full wp-image-28848 aligncenter\" src=\"http:\/\/www.cordobatimes.com\/deportes\/wp-content\/uploads\/2015\/04\/MEEKE1-1-1024x683.jpg\" alt=\"MEEKE1-1-1024x683\" width=\"1024\" height=\"683\" data-id=\"28848\" srcset=\"https:\/\/www.cordobatimes.com\/deportes\/wp-content\/uploads\/2015\/04\/MEEKE1-1-1024x683.jpg 1024w, https:\/\/www.cordobatimes.com\/deportes\/wp-content\/uploads\/2015\/04\/MEEKE1-1-1024x683-300x200.jpg 300w\" sizes=\"auto, (max-width: 1024px) 100vw, 1024px\" \/><\/a><\/h3>\n<h3><\/h3>\n<h3><strong>Kris Meeke (Citro\u00ebn DS3) emul\u00f3 al m\u00faltiple campe\u00f3n mundial &#8220;Loeb&#8221; aprovechando los problemas que tuvieron sus rivales y manteniendo un ritmo muy competitivo para terminar el primer d\u00eda del XION Rally Argentina 2015 en la primera posici\u00f3n. Con el entusiasmo de siempre, los fan\u00e1ticos argentinos colmaron los tramos del d\u00eda y alentaron a los pilotos del Campeonato Mundial de Rally en C\u00f3rdoba.<\/strong><\/h3>\n<p>&nbsp;<\/p>\n<p>&nbsp;<\/p>\n<p><iframe loading=\"lazy\" src=\"https:\/\/www.youtube.com\/embed\/F4usl6yHA0w\" width=\"100%\" height=\"415\" frameborder=\"0\" allowfullscreen=\"allowfullscreen\"><\/iframe><\/p>\n<div>\n<div>\n<p class=\"ecxMsoNormal\">El piloto brit\u00e1nico era uno de los grandes candidatos, pero el destino quiso que su camino se fuera despejando con una facilidad inesperada para que terminara el primer d\u00eda del rally m\u00e1s entretenido y dif\u00edcil del mundo en la primera posici\u00f3n.<\/p>\n<p class=\"ecxMsoNormal\">S\u00e9bastien Ogier, Andreas Mikkelsen, Hayden Paddon, Ott Tanak sufrieron diferentes problemas y no pudieron terminar el d\u00eda. Meeke comenz\u00f3 ganando la PE2 (SPEEDAGRO Agua de Oro-Ascochinga I), aunque luego apareci\u00f3 Latvala para adjudicarse la PE3 (Villa Bustos-Tanti I). El brit\u00e1nico volvi\u00f3 a triunfar en la PE4 (SPEEDAGRO Agua de Oro-Ascochinga II) y cuando peleaban por quedarse con la la PE5 (Villa Bustos-Tanti II), el finland\u00e9s comenz\u00f3 a sufrir problemas con su caja de cambios y el triunfo parcial fue nuevamente para Meeke.<\/p>\n<p class=\"ecxMsoNormal\">Ambos llegaron al S\u00faper Especial FERNET BRANCA (PSE6) como l\u00edder y escolta en la general, y pese a que su duelo en el circuito era el m\u00e1s esperado por los fan\u00e1ticos, no fue parejo por los problemas de Latvala. Dani Sordo gan\u00f3 la PSE6 y le permiti\u00f3 al equipo Hyundai Motorsport ganar su primer tramo en la edici\u00f3n 2015 del XION Rally Argentina.<\/p>\n<p class=\"ecxMsoNormal\">Adem\u00e1s de Meeke, el que aprovech\u00f3 los problemas de Latvala fue Mads Ostberg, quien estuvo tercero durante todo el d\u00eda y le arrebat\u00f3 la segunda colocaci\u00f3n al finland\u00e9s en el cierre de la jornada. De esta manera, Citro\u00ebn est\u00e1 logrando un impresionante 1-2 parcial.<\/p>\n<h3 class=\"ecxMsoNormal\"><b>Los que no pudieron terminar el d\u00eda<\/b><\/h3>\n<p class=\"ecxMsoNormal\">El primero en sufrir inconvenientes fue el actual bicampe\u00f3n del mundo y puntero del campeonato S\u00e9bastien Ogier, quien tuvo problemas con el motor de su Volkswagen Polo R y ni siquiera pudo completar el primer tramo del d\u00eda. El italiano Lorenzo Bertelli tambi\u00e9n sufri\u00f3 inconvenientes y no pudo completar los kil\u00f3metros de la primera prueba especial de la jornada.<\/p>\n<p class=\"ecxMsoNormal\">Luego fue el turno de Hayden Paddon, quien logr\u00f3 completar las primeras dos pruebas especiales del viernes y llegar al Parque de Asistencia, pero luego no pudo seguir compitiendo ya que el equipo no logr\u00f3 reparar los da\u00f1os a tiempo. La exigencia de los tramos tambi\u00e9n dej\u00f3 afuera a Andreas Mikkelsen, segundo en el campeonato 2015. El noruego del equipo Volkswagen Motorsport no lleg\u00f3 a largar la PE4 por problemas t\u00e9cnicos.<\/p>\n<p class=\"ecxMsoNormal\">Ott Tanak, por su parte, ven\u00eda cumpliendo una gran tarea y se ubicaba cuarto en la general cuando choc\u00f3 con una piedra en un vado de la PE4 y arranc\u00f3 la rueda delantera izquierda de su Ford Focus RS. \u00a0Los cinco pilotos intentar\u00e1n reengancharse ma\u00f1ana con el sistema de Rally2.<\/p>\n<h2 class=\"ecxMsoNormal\"><b>WRC2<\/b><\/h2>\n<p class=\"ecxMsoNormal\">Yuri Protasov gan\u00f3 los seis tramos disputados hasta el momento, pero como ayer lleg\u00f3 tarde al parque por haber perdido una rueda en el tramo, recibi\u00f3 una penalizaci\u00f3n de 3minutos y 10 segundos y qued\u00f3 relegado a la segunda posici\u00f3n de la general. El l\u00edder parcial es Abdulaziz Al-Kuwari, ganador de la edici\u00f3n 2013. En tanto el top 3 lo completa el paraguayo Diego Dom\u00ednguez.<\/p>\n<h2 class=\"ecxMsoNormal\"><b>Los tramos del s\u00e1bado<\/b><\/h2>\n<p class=\"ecxMsoNormal\">PE7: \u00ab\u00a0Fernet Branca\u00a0\u00bb Capilla del Monte \u2013 San Marcos 1 (23,10km)\u00a0 \u201308:28hs<br \/>\nPE8: San Marcos \u2013 Characato 1 (42,50km)\u00a0 \u2013 10:11hs<br \/>\nPE9: \u00ab\u00a0Fernet Branca\u00a0\u00bb Capilla del Monte \u2013 San Marcos 2 (23,10km) \u2013 14:54hs<br \/>\nPE10: San Marcos \u2013 Characato 2 (42,50km) \u2013 16:37hs<br \/>\n<strong>Total D\u00eda 3<\/strong>\u00a0: 159,74 km<\/p>\n<h2 class=\"ecxMsoNormal\"><strong>Los primeros 5 de la clasificaci\u00f3n general luego de la PSE6<\/strong><\/h2>\n<p class=\"ecxMsoNormal\">1) Kris Meeke (Citro\u00ebn DS3), 1h44m47s8<br \/>\n2) Mads Ostberg (Citro\u00ebn DS3), +1m08s4<br \/>\n3) Jari-Matti Latvala (Volkswagen Polo R), +1m23s5<br \/>\n4) Dani Sordo (Hyundai i20), +1m54s2<br \/>\n5) Elfyn Evans (Ford Fiesta RS), +1m59s7<\/p>\n<\/div>\n<p><b>Start List\u00a0S\u00e1bado\u00a025\/04<\/b><\/p>\n<\/div>\n<div>\n<div>1\u00b0 Lorenzo Bertelli (Ford Fiesta RS)<br \/>\n2\u00b0 S\u00e9bastien Ogier (Volkswagen Polo R)<br \/>\n3\u00b0 Andreas Mikkelsen (Volkswagen Polo R)<br \/>\n4\u00b0 Hayden Paddon (Hyundai i20)<br \/>\n5\u00b0 Ott Tanak (Ford Fiesta RS)<br \/>\n6\u00b0 Thierry Neuville (Hyundai i20)<br \/>\n7\u00b0 Mads Ostberg (Citro\u00ebn DS3)<br \/>\n8\u00b0 Elfyn Evans (Ford Fiesta RS)<br \/>\n9\u00b0 Jari-Matti Latvala (Volkswagen Polo R)<br \/>\n10\u00b0 Dani Sordo (Hyundai i20)<br \/>\n11\u00b0 Martin Prokop (Ford Fiesta RS)<br \/>\n12\u00b0 Kris Meeke (Citro\u00ebn DS3)<br \/>\n13\u00b0 Khalid Al Qassimi (Citro\u00ebn DS3)<\/div>\n<\/div>\n","protected":false},"excerpt":{"rendered":"<p>Kris Meeke (Citro\u00ebn DS3) emul\u00f3 al m\u00faltiple campe\u00f3n mundial &#8220;Loeb&#8221; aprovechando los problemas que tuvieron sus rivales y manteniendo un ritmo muy competitivo para terminar el primer d\u00eda del XION Rally Argentina 2015 en la primera posici\u00f3n. Con el entusiasmo de siempre, los fan\u00e1ticos argentinos colmaron los tramos del d\u00eda y alentaron a los pilotos [&hellip;]<\/p>\n","protected":false},"author":1,"featured_media":28848,"comment_status":"closed","ping_status":"closed","sticky":false,"template":"","format":"standard","meta":{"_seopress_robots_primary_cat":"","_seopress_titles_title":"","_seopress_titles_desc":"","_seopress_robots_index":"","footnotes":""},"categories":[1,14],"tags":[5298,5296,5297,5299],"class_list":["post-28847","post","type-post","status-publish","format-standard","has-post-thumbnail","hentry","category-automovilismo","category-rally","tag-kris-meeke-citroen-ds3","tag-mundial-de-rally-en-cordoba","tag-resultados-dia-2","tag-xion-rally-argentina-2015"],"_links":{"self":[{"href":"https:\/\/www.cordobatimes.com\/deportes\/wp-json\/wp\/v2\/posts\/28847","targetHints":{"allow":["GET"]}}],"collection":[{"href":"https:\/\/www.cordobatimes.com\/deportes\/wp-json\/wp\/v2\/posts"}],"about":[{"href":"https:\/\/www.cordobatimes.com\/deportes\/wp-json\/wp\/v2\/types\/post"}],"author":[{"embeddable":true,"href":"https:\/\/www.cordobatimes.com\/deportes\/wp-json\/wp\/v2\/users\/1"}],"replies":[{"embeddable":true,"href":"https:\/\/www.cordobatimes.com\/deportes\/wp-json\/wp\/v2\/comments?post=28847"}],"version-history":[{"count":0,"href":"https:\/\/www.cordobatimes.com\/deportes\/wp-json\/wp\/v2\/posts\/28847\/revisions"}],"wp:featuredmedia":[{"embeddable":true,"href":"https:\/\/www.cordobatimes.com\/deportes\/wp-json\/wp\/v2\/media\/28848"}],"wp:attachment":[{"href":"https:\/\/www.cordobatimes.com\/deportes\/wp-json\/wp\/v2\/media?parent=28847"}],"wp:term":[{"taxonomy":"category","embeddable":true,"href":"https:\/\/www.cordobatimes.com\/deportes\/wp-json\/wp\/v2\/categories?post=28847"},{"taxonomy":"post_tag","embeddable":true,"href":"https:\/\/www.cordobatimes.com\/deportes\/wp-json\/wp\/v2\/tags?post=28847"}],"curies":[{"name":"wp","href":"https:\/\/api.w.org\/{rel}","templated":true}]}}