{"id":28843,"date":"2015-04-24T18:30:12","date_gmt":"2015-04-24T21:30:12","guid":{"rendered":"http:\/\/www.cordobatimes.com\/deportes\/?p=28843"},"modified":"2015-04-24T18:31:32","modified_gmt":"2015-04-24T21:31:32","slug":"barras-apretaron-al-plantel-de-sportivo-belgrano","status":"publish","type":"post","link":"https:\/\/www.cordobatimes.com\/deportes\/futbol\/2015\/04\/24\/barras-apretaron-al-plantel-de-sportivo-belgrano\/","title":{"rendered":"Barras apretaron al plantel de Sportivo Belgrano"},"content":{"rendered":"<figure id=\"attachment_28844\" aria-describedby=\"caption-attachment-28844\" style=\"width: 1008px\" class=\"wp-caption aligncenter\"><a href=\"http:\/\/www.cordobatimes.com\/deportes\/wp-content\/uploads\/2015\/04\/Sp-Belgrano.jpg\"><img loading=\"lazy\" decoding=\"async\" class=\"size-full wp-image-28844\" src=\"http:\/\/www.cordobatimes.com\/deportes\/wp-content\/uploads\/2015\/04\/Sp-Belgrano.jpg\" alt=\"Foto: @elperiodicosf\" width=\"1008\" height=\"566\" data-id=\"28844\" srcset=\"https:\/\/www.cordobatimes.com\/deportes\/wp-content\/uploads\/2015\/04\/Sp-Belgrano.jpg 1008w, https:\/\/www.cordobatimes.com\/deportes\/wp-content\/uploads\/2015\/04\/Sp-Belgrano-300x168.jpg 300w\" sizes=\"auto, (max-width: 1008px) 100vw, 1008px\" \/><\/a><figcaption id=\"caption-attachment-28844\" class=\"wp-caption-text\">Foto: @elperiodicosf<\/figcaption><\/figure>\n<h3 style=\"text-align: justify;\">Unas 20 personas interrumpieron en la pr\u00e1ctica para exigirle m\u00e1s compromiso a los jugadores. Hoy el Verde se encuentra en la \u00faltima posici\u00f3n y en zona de descenso.<\/h3>\n<p style=\"text-align: justify;\">\n<p style=\"text-align: justify;\">\n<p style=\"text-align: justify;\">El lamentable hecho sucedi\u00f3 ayer por la tarde, mientras el entrenador Carlos Trullet realizaba una pr\u00e1ctica de f\u00fatbol de cara al choque del domingo con el l\u00edder Los Andes, en el Estadio Oscar C. Boero.<\/p>\n<p style=\"text-align: justify;\">Fue justamente all\u00ed donde alrededor de 20 individuos irrumpieron el entrenamiento y amenazaron verbalmente a los jugadores. Luego de algunos minutos de tensi\u00f3n, los &#8220;hinchas&#8221; ingresaron al campo de juego y pararon la actividad para dialogar con el plantel.<\/p>\n<p style=\"text-align: justify;\">Seg\u00fan informo Diario Sports no hubo que lamentar ninguna agresi\u00f3n f\u00edsica, aunque si hubo varios insultos. &#8220;La ciudad se va al descenso, nosotros venimos por todos los hinchas&#8221;, habr\u00edan sido algunas de las frases que se oyeron en el Boero.<\/p>\n<p style=\"text-align: justify;\">Sportivo Belgrano marcha en la \u00faltima posici\u00f3n de la B Nacional con apenas siete puntos, productos de un triunfo, cuatro empates y seis derrotas.<\/p>\n","protected":false},"excerpt":{"rendered":"<p>Unas 20 personas interrumpieron en la pr\u00e1ctica para exigirle m\u00e1s compromiso a los jugadores. Hoy el Verde se encuentra en la \u00faltima posici\u00f3n y en zona de descenso. El lamentable hecho sucedi\u00f3 ayer por la tarde, mientras el entrenador Carlos Trullet realizaba una pr\u00e1ctica de f\u00fatbol de cara al choque del domingo con el l\u00edder [&hellip;]<\/p>\n","protected":false},"author":15,"featured_media":28844,"comment_status":"closed","ping_status":"closed","sticky":false,"template":"","format":"standard","meta":{"_seopress_robots_primary_cat":"","_seopress_titles_title":"","_seopress_titles_desc":"","_seopress_robots_index":"","footnotes":""},"categories":[2],"tags":[4734,124,66],"class_list":["post-28843","post","type-post","status-publish","format-standard","has-post-thumbnail","hentry","category-futbol","tag-barra-brava","tag-sportivo-belgrano","tag-violencia-en-el-futbol"],"_links":{"self":[{"href":"https:\/\/www.cordobatimes.com\/deportes\/wp-json\/wp\/v2\/posts\/28843","targetHints":{"allow":["GET"]}}],"collection":[{"href":"https:\/\/www.cordobatimes.com\/deportes\/wp-json\/wp\/v2\/posts"}],"about":[{"href":"https:\/\/www.cordobatimes.com\/deportes\/wp-json\/wp\/v2\/types\/post"}],"author":[{"embeddable":true,"href":"https:\/\/www.cordobatimes.com\/deportes\/wp-json\/wp\/v2\/users\/15"}],"replies":[{"embeddable":true,"href":"https:\/\/www.cordobatimes.com\/deportes\/wp-json\/wp\/v2\/comments?post=28843"}],"version-history":[{"count":0,"href":"https:\/\/www.cordobatimes.com\/deportes\/wp-json\/wp\/v2\/posts\/28843\/revisions"}],"wp:featuredmedia":[{"embeddable":true,"href":"https:\/\/www.cordobatimes.com\/deportes\/wp-json\/wp\/v2\/media\/28844"}],"wp:attachment":[{"href":"https:\/\/www.cordobatimes.com\/deportes\/wp-json\/wp\/v2\/media?parent=28843"}],"wp:term":[{"taxonomy":"category","embeddable":true,"href":"https:\/\/www.cordobatimes.com\/deportes\/wp-json\/wp\/v2\/categories?post=28843"},{"taxonomy":"post_tag","embeddable":true,"href":"https:\/\/www.cordobatimes.com\/deportes\/wp-json\/wp\/v2\/tags?post=28843"}],"curies":[{"name":"wp","href":"https:\/\/api.w.org\/{rel}","templated":true}]}}