{"id":28837,"date":"2015-04-24T17:56:37","date_gmt":"2015-04-24T20:56:37","guid":{"rendered":"http:\/\/www.cordobatimes.com\/deportes\/?p=28837"},"modified":"2015-04-24T17:56:37","modified_gmt":"2015-04-24T20:56:37","slug":"rally-argentino-nalbandian-volco-y-debio-abandonar","status":"publish","type":"post","link":"https:\/\/www.cordobatimes.com\/deportes\/automovilismo\/2015\/04\/24\/rally-argentino-nalbandian-volco-y-debio-abandonar\/","title":{"rendered":"Rally Argentino: Nalbandian volc\u00f3 y debi\u00f3 abandonar"},"content":{"rendered":"<p style=\"text-align: justify;\"><a href=\"http:\/\/www.cordobatimes.com\/deportes\/wp-content\/uploads\/2015\/04\/Rally.jpg\"><img loading=\"lazy\" decoding=\"async\" class=\" size-full wp-image-28838 aligncenter\" src=\"http:\/\/www.cordobatimes.com\/deportes\/wp-content\/uploads\/2015\/04\/Rally.jpg\" alt=\"Rally\" width=\"1008\" height=\"566\" data-id=\"28838\" srcset=\"https:\/\/www.cordobatimes.com\/deportes\/wp-content\/uploads\/2015\/04\/Rally.jpg 1008w, https:\/\/www.cordobatimes.com\/deportes\/wp-content\/uploads\/2015\/04\/Rally-300x168.jpg 300w\" sizes=\"auto, (max-width: 1008px) 100vw, 1008px\" \/><\/a><\/p>\n<h3 style=\"text-align: justify;\">Fue en Carlos Paz. El ex tenista y su navegante no sufrieron lesiones.<\/h3>\n<p style=\"text-align: justify;\">\n<p style=\"text-align: justify;\">David Nalbandina volc\u00f3 hoy con su Chevrolet Agile antes de llegar al campamento de Ascochinga y se vio obligado a abandonar en la segunda etapa del Rally Argentino. El mismo comparte escenario con el Mundial por la tercera fecha de su campeonato.<\/p>\n<p style=\"text-align: justify;\">El ex tenista fue atendido r\u00e1pidamente y se confirm\u00f3 que no sufri\u00f3 lesiones, al igual que su navegante Daniel Stillo. El nacido en Unquillo ven\u00eda primero en el momento del accidente en la Copa MR y s\u00e9ptimo en la general.<\/p>\n","protected":false},"excerpt":{"rendered":"<p>Fue en Carlos Paz. El ex tenista y su navegante no sufrieron lesiones. David Nalbandina volc\u00f3 hoy con su Chevrolet Agile antes de llegar al campamento de Ascochinga y se vio obligado a abandonar en la segunda etapa del Rally Argentino. El mismo comparte escenario con el Mundial por la tercera fecha de su campeonato. [&hellip;]<\/p>\n","protected":false},"author":15,"featured_media":28838,"comment_status":"closed","ping_status":"closed","sticky":false,"template":"","format":"standard","meta":{"_seopress_robots_primary_cat":"","_seopress_titles_title":"","_seopress_titles_desc":"","_seopress_robots_index":"","footnotes":""},"categories":[1,14],"tags":[696,190],"class_list":["post-28837","post","type-post","status-publish","format-standard","has-post-thumbnail","hentry","category-automovilismo","category-rally","tag-david-nalbandian","tag-rally-argentino"],"_links":{"self":[{"href":"https:\/\/www.cordobatimes.com\/deportes\/wp-json\/wp\/v2\/posts\/28837","targetHints":{"allow":["GET"]}}],"collection":[{"href":"https:\/\/www.cordobatimes.com\/deportes\/wp-json\/wp\/v2\/posts"}],"about":[{"href":"https:\/\/www.cordobatimes.com\/deportes\/wp-json\/wp\/v2\/types\/post"}],"author":[{"embeddable":true,"href":"https:\/\/www.cordobatimes.com\/deportes\/wp-json\/wp\/v2\/users\/15"}],"replies":[{"embeddable":true,"href":"https:\/\/www.cordobatimes.com\/deportes\/wp-json\/wp\/v2\/comments?post=28837"}],"version-history":[{"count":0,"href":"https:\/\/www.cordobatimes.com\/deportes\/wp-json\/wp\/v2\/posts\/28837\/revisions"}],"wp:featuredmedia":[{"embeddable":true,"href":"https:\/\/www.cordobatimes.com\/deportes\/wp-json\/wp\/v2\/media\/28838"}],"wp:attachment":[{"href":"https:\/\/www.cordobatimes.com\/deportes\/wp-json\/wp\/v2\/media?parent=28837"}],"wp:term":[{"taxonomy":"category","embeddable":true,"href":"https:\/\/www.cordobatimes.com\/deportes\/wp-json\/wp\/v2\/categories?post=28837"},{"taxonomy":"post_tag","embeddable":true,"href":"https:\/\/www.cordobatimes.com\/deportes\/wp-json\/wp\/v2\/tags?post=28837"}],"curies":[{"name":"wp","href":"https:\/\/api.w.org\/{rel}","templated":true}]}}