{"id":28633,"date":"2015-04-15T11:49:04","date_gmt":"2015-04-15T14:49:04","guid":{"rendered":"http:\/\/www.cordobatimes.com\/deportes\/?p=28633"},"modified":"2015-04-15T13:04:13","modified_gmt":"2015-04-15T16:04:13","slug":"tenis-monaco-perdio-en-montecarlo-y-ya-no-quedan-argentinos","status":"publish","type":"post","link":"https:\/\/www.cordobatimes.com\/deportes\/tenis\/2015\/04\/15\/tenis-monaco-perdio-en-montecarlo-y-ya-no-quedan-argentinos\/","title":{"rendered":"Tenis: M\u00f3naco perdi\u00f3 en Montecarlo y ya no quedan argentinos"},"content":{"rendered":"<h3 style=\"text-align: justify;\"><a href=\"http:\/\/www.cordobatimes.com\/deportes\/wp-content\/uploads\/2015\/04\/M\u00f3naco.jpg\"><img loading=\"lazy\" decoding=\"async\" class=\"  wp-image-28634 aligncenter\" src=\"http:\/\/www.cordobatimes.com\/deportes\/wp-content\/uploads\/2015\/04\/M\u00f3naco.jpg\" alt=\"M\u00f3naco\" width=\"823\" height=\"461\" data-id=\"28634\" srcset=\"https:\/\/www.cordobatimes.com\/deportes\/wp-content\/uploads\/2015\/04\/M\u00f3naco.jpg 1000w, https:\/\/www.cordobatimes.com\/deportes\/wp-content\/uploads\/2015\/04\/M\u00f3naco-300x168.jpg 300w\" sizes=\"auto, (max-width: 823px) 100vw, 823px\" \/><\/a><\/h3>\n<h3 style=\"text-align: justify;\">Pico cay\u00f3 por 6-1 y 6-4 con el suizo Stanislas Wawrinka y qued\u00f3 as\u00ed eliminado en la segunda ronda del Masters 1000 del principado.<\/h3>\n<p style=\"text-align: justify;\">Juan M\u00f3naco qued\u00f3 afuera del Masters 1000 de Montecarlo al sucumbir en la segunda ronda con el suizo Stanislas Wawrinka por 6-1 y 6-4. Con su derrota ya no queda ning\u00fan argentino, ya que en la primera ronda hab\u00eda sido eliminado Diego Schwartzman.<\/p>\n<p style=\"text-align: justify;\">El tandilense, n\u00famero 42 del ranking de la ATP, batall\u00f3 durante una hora y 13 minutos antes de caer con el Wawrinka (9), quien defiende el t\u00edtulo conquistado el a\u00f1o pasado. El suizo jug\u00f3 a un gran nivel y conect\u00f3 23 tiros ganadores contra apenas cinco de Pico.<\/p>\n<p style=\"text-align: justify;\">En el historial, esta es la cuarta ca\u00edda del argentino ante el europeo, con quien ya hab\u00eda perdido la final del Challenger de Szczecin en 2004, y en de Buenos Aires y el Masters 1000 de Shanghai, ambos en 2011.<\/p>\n<p style=\"text-align: justify;\">M\u00f3naco hab\u00eda jugado una buena primera ronda cuando venci\u00f3 al checo Jiri Veseley (46), pero hoy no pudo hacer nada ante un rival superior, que esta atravesando uno de los mejores momentos de su carrera.<\/p>\n","protected":false},"excerpt":{"rendered":"<p>Pico cay\u00f3 por 6-1 y 6-4 con el suizo Stanislas Wawrinka y qued\u00f3 as\u00ed eliminado en la segunda ronda del Masters 1000 del principado. Juan M\u00f3naco qued\u00f3 afuera del Masters 1000 de Montecarlo al sucumbir en la segunda ronda con el suizo Stanislas Wawrinka por 6-1 y 6-4. Con su derrota ya no queda ning\u00fan [&hellip;]<\/p>\n","protected":false},"author":15,"featured_media":28634,"comment_status":"closed","ping_status":"closed","sticky":false,"template":"","format":"standard","meta":{"_seopress_robots_primary_cat":"","_seopress_titles_title":"","_seopress_titles_desc":"","_seopress_robots_index":"","footnotes":""},"categories":[4],"tags":[202,1081,2653,2644],"class_list":["post-28633","post","type-post","status-publish","format-standard","has-post-thumbnail","hentry","category-tenis","tag-atp","tag-juan-monaco","tag-masters-1000","tag-montecarlo"],"_links":{"self":[{"href":"https:\/\/www.cordobatimes.com\/deportes\/wp-json\/wp\/v2\/posts\/28633","targetHints":{"allow":["GET"]}}],"collection":[{"href":"https:\/\/www.cordobatimes.com\/deportes\/wp-json\/wp\/v2\/posts"}],"about":[{"href":"https:\/\/www.cordobatimes.com\/deportes\/wp-json\/wp\/v2\/types\/post"}],"author":[{"embeddable":true,"href":"https:\/\/www.cordobatimes.com\/deportes\/wp-json\/wp\/v2\/users\/15"}],"replies":[{"embeddable":true,"href":"https:\/\/www.cordobatimes.com\/deportes\/wp-json\/wp\/v2\/comments?post=28633"}],"version-history":[{"count":0,"href":"https:\/\/www.cordobatimes.com\/deportes\/wp-json\/wp\/v2\/posts\/28633\/revisions"}],"wp:featuredmedia":[{"embeddable":true,"href":"https:\/\/www.cordobatimes.com\/deportes\/wp-json\/wp\/v2\/media\/28634"}],"wp:attachment":[{"href":"https:\/\/www.cordobatimes.com\/deportes\/wp-json\/wp\/v2\/media?parent=28633"}],"wp:term":[{"taxonomy":"category","embeddable":true,"href":"https:\/\/www.cordobatimes.com\/deportes\/wp-json\/wp\/v2\/categories?post=28633"},{"taxonomy":"post_tag","embeddable":true,"href":"https:\/\/www.cordobatimes.com\/deportes\/wp-json\/wp\/v2\/tags?post=28633"}],"curies":[{"name":"wp","href":"https:\/\/api.w.org\/{rel}","templated":true}]}}