{"id":28628,"date":"2015-04-15T03:34:41","date_gmt":"2015-04-15T06:34:41","guid":{"rendered":"http:\/\/www.cordobatimes.com\/deportes\/?p=28628"},"modified":"2015-04-15T03:36:26","modified_gmt":"2015-04-15T06:36:26","slug":"dia-y-horario-confirmado-para-talleres","status":"publish","type":"post","link":"https:\/\/www.cordobatimes.com\/deportes\/futbol\/2015\/04\/15\/dia-y-horario-confirmado-para-talleres\/","title":{"rendered":"D\u00eda y horario confirmado para Talleres"},"content":{"rendered":"<h3><strong><img loading=\"lazy\" decoding=\"async\" class=\"alignnone  wp-image-28629\" src=\"http:\/\/www.cordobatimes.com\/deportes\/wp-content\/uploads\/2015\/04\/dep-maipu-vs-talleres.png\" alt=\"dep maipu vs talleres\" width=\"712\" height=\"420\" data-id=\"28629\" srcset=\"https:\/\/www.cordobatimes.com\/deportes\/wp-content\/uploads\/2015\/04\/dep-maipu-vs-talleres.png 600w, https:\/\/www.cordobatimes.com\/deportes\/wp-content\/uploads\/2015\/04\/dep-maipu-vs-talleres-300x177.png 300w\" sizes=\"auto, (max-width: 712px) 100vw, 712px\" \/><\/strong><\/h3>\n<h3><strong>Se defini\u00f3 que Talleres jugar\u00e1 frente Deportivo Maip\u00fa de Mendonza, el pr\u00f3ximo Viernes a las 21\u00a0sin p\u00fablico visitante.<\/strong><\/h3>\n<p>&nbsp;<\/p>\n<p>El equipo de Frank Dario Kudelka que viene de derrotar el pasado domingo a Tiro Federal,\u00a0viajar\u00e1 este mi\u00e9rcoles a Mendoza para disputar la 5ta fecha del Torneo Federal A.<\/p>\n<p>Por otra parte,\u00a0hoy martes se conoci\u00f3 que Santiago Raymonda sufre de una contractura en su pierna Izquierda,\u00a0por lo que no formar\u00e1 parte del plantel. De no haber sorpresas, su lugar en el equipo titular lo\u00a0ocuparia Victor Beraldi, quien ya lo reemplazo en el partido anterior.<\/p>\n<p>Ademas, seg\u00fan informaron\u00a0desde la prensa del club, Nelson Benitez ya se recupero de su lesi\u00f3n, por lo que estar\u00e1 a\u00a0disposici\u00f3n del cuerpo t\u00e9cnico. Por \u00faltimo, quedar\u00e1 por ver que pasar\u00e1 con Javier Velazquez, qui\u00e9n\u00a0no fue convocado para el encuentro frente a los rosarinos.<\/p>\n<p>El equipo titular ir\u00eda con, Lucas Ischuk; Ivo Chaves, Adalberto Giorgi, Wilfredo Olivera, Jonathan\u00a0Bay; Rodrigo Burgos, V\u00edctor Beraldi; Pablo Ortega, Ezequiel Barrionuevo; Aldo Araujo, Eial\u00a0Strahman.<\/p>\n","protected":false},"excerpt":{"rendered":"<p>Se defini\u00f3 que Talleres jugar\u00e1 frente Deportivo Maip\u00fa de Mendonza, el pr\u00f3ximo Viernes a las 21\u00a0sin p\u00fablico visitante. &nbsp; El equipo de Frank Dario Kudelka que viene de derrotar el pasado domingo a Tiro Federal,\u00a0viajar\u00e1 este mi\u00e9rcoles a Mendoza para disputar la 5ta fecha del Torneo Federal A. Por otra parte,\u00a0hoy martes se conoci\u00f3 que [&hellip;]<\/p>\n","protected":false},"author":21,"featured_media":28629,"comment_status":"closed","ping_status":"closed","sticky":false,"template":"","format":"standard","meta":{"_seopress_robots_primary_cat":"","_seopress_titles_title":"","_seopress_titles_desc":"","_seopress_robots_index":"","footnotes":""},"categories":[2],"tags":[1936,2929,1560,5247],"class_list":["post-28628","post","type-post","status-publish","format-standard","has-post-thumbnail","hentry","category-futbol","tag-fecha","tag-formacion","tag-horario","tag-talleres-vs-deportivo-maipu-de-mendoza"],"_links":{"self":[{"href":"https:\/\/www.cordobatimes.com\/deportes\/wp-json\/wp\/v2\/posts\/28628","targetHints":{"allow":["GET"]}}],"collection":[{"href":"https:\/\/www.cordobatimes.com\/deportes\/wp-json\/wp\/v2\/posts"}],"about":[{"href":"https:\/\/www.cordobatimes.com\/deportes\/wp-json\/wp\/v2\/types\/post"}],"author":[{"embeddable":true,"href":"https:\/\/www.cordobatimes.com\/deportes\/wp-json\/wp\/v2\/users\/21"}],"replies":[{"embeddable":true,"href":"https:\/\/www.cordobatimes.com\/deportes\/wp-json\/wp\/v2\/comments?post=28628"}],"version-history":[{"count":0,"href":"https:\/\/www.cordobatimes.com\/deportes\/wp-json\/wp\/v2\/posts\/28628\/revisions"}],"wp:featuredmedia":[{"embeddable":true,"href":"https:\/\/www.cordobatimes.com\/deportes\/wp-json\/wp\/v2\/media\/28629"}],"wp:attachment":[{"href":"https:\/\/www.cordobatimes.com\/deportes\/wp-json\/wp\/v2\/media?parent=28628"}],"wp:term":[{"taxonomy":"category","embeddable":true,"href":"https:\/\/www.cordobatimes.com\/deportes\/wp-json\/wp\/v2\/categories?post=28628"},{"taxonomy":"post_tag","embeddable":true,"href":"https:\/\/www.cordobatimes.com\/deportes\/wp-json\/wp\/v2\/tags?post=28628"}],"curies":[{"name":"wp","href":"https:\/\/api.w.org\/{rel}","templated":true}]}}