{"id":28522,"date":"2015-04-13T23:31:56","date_gmt":"2015-04-14T02:31:56","guid":{"rendered":"http:\/\/www.cordobatimes.com\/deportes\/?p=28522"},"modified":"2015-04-13T23:40:27","modified_gmt":"2015-04-14T02:40:27","slug":"futbol-belgrano-y-quilmes-cierran-la-novena","status":"publish","type":"post","link":"https:\/\/www.cordobatimes.com\/deportes\/futbol\/2015\/04\/13\/futbol-belgrano-y-quilmes-cierran-la-novena\/","title":{"rendered":"Belgrano venci\u00f3 a Quilmes y se acerc\u00f3 a la punta"},"content":{"rendered":"<h3 style=\"text-align: left;\"><strong><a href=\"http:\/\/www.cordobatimes.com\/deportes\/wp-content\/uploads\/2015\/04\/Belgrano1.jpg\"><img loading=\"lazy\" decoding=\"async\" class=\"alignnone size-full wp-image-28536\" alt=\"Belgrano\" src=\"http:\/\/www.cordobatimes.com\/deportes\/wp-content\/uploads\/2015\/04\/Belgrano1.jpg\" width=\"1000\" height=\"560\" data-id=\"28536\" srcset=\"https:\/\/www.cordobatimes.com\/deportes\/wp-content\/uploads\/2015\/04\/Belgrano1.jpg 1000w, https:\/\/www.cordobatimes.com\/deportes\/wp-content\/uploads\/2015\/04\/Belgrano1-300x168.jpg 300w\" sizes=\"auto, (max-width: 1000px) 100vw, 1000px\" \/><\/a>El Pirata se puso a dos puntos de la cima al ganar ag\u00f3nicamente por 2-1.\u00a0Jorge Vel\u00e1zquez y Mauro \u00d3bolo, cerca del final, marcaron para el Pirata, mientras que Sebasti\u00e1n Romero hab\u00eda igualado\u00a0en favor del Cervecero.<\/strong><\/h3>\n<h3 style=\"text-align: justify;\"><\/h3>\n<p>Belgrano\u00a0derrot\u00f3 a\u00a0Quilmes\u00a0por 2-1 este lunes en C\u00f3rdoba en el cierre de la novena jornada del campeonato de Primera Divisi\u00f3n y se coloc\u00f3 a dos puntos de la cima.<\/p>\n<p>Corr\u00eda el minuto 12 del primer tiempo cuando Jorge Vel\u00e1zquez\u00a0recibi\u00f3 por izquierda y sac\u00f3 un tiro cruzado para la primera emoci\u00f3n de la noche. Sin embargo, a los 26 tambi\u00e9n golpe\u00f3 a fondo la visita cuando Sebasti\u00e1n Romero sorprendi\u00f3 desde afuera del \u00e1rea para el empate.<\/p>\n<p>En el complemento, el equipo de Ricardo Zielinski\u00a0hizo m\u00e9ritos para aumentar cuando Sergio Escudero exigi\u00f3 a Fabi\u00e1n Assmann\u00a0y Alan Alegre le sac\u00f3 una pelota en la l\u00ednea al ingresado Lucas Parodi. Parec\u00eda que la suerte estaba echada, pero a los 41 Mauro \u00d3bolo puso la cabeza por la derecha y sac\u00f3 un tiro cruzado para el delirio local.<\/p>\n<p>As\u00ed, el cordob\u00e9s sum\u00f3 su cuarto \u00e9xito seguido y el Cervecero permanece inmerso en la irregularidad.<\/p>\n<p style=\"text-align: justify;\"><strong>Formaciones:<\/strong><\/p>\n<p style=\"text-align: justify;\"><strong>Belgrano:<\/strong>\u00a0Juan Carlos Olave;\u00a0Renzo Saravia,\u00a0Claudio P\u00e9rez,\u00a0Cristian Lema,\u00a0Sergio Escudero;\u00a0Emiliano Rigoni,\u00a0Guillermo Farr\u00e9,\u00a0Sebasti\u00e1n Prediger,\u00a0Jorge Vel\u00e1zquez;\u00a0Lucas Zelaray\u00e1n;\u00a0Mauro Obolo.\u00a0<strong>DT:<\/strong>\u00a0Ricardo Zielinski.<\/p>\n<p style=\"text-align: justify;\"><strong>Quilmes:<\/strong>\u00a0Fabi\u00e1n Assmann;\u00a0Alan Alegre,\u00a0Joel Carli,\u00a0Mariano Uglessich,\u00a0Leonel Bontempo;\u00a0Rodrigo G\u00f3mez,\u00a0Rodrigo Bra\u00f1a,\u00a0Adri\u00e1n Calello,\u00a0Sebasti\u00e1n Romero;\u00a0Diego Buonanotte;\u00a0Rub\u00e9n Ram\u00edrez.\u00a0<strong>DT:<\/strong>\u00a0Julio Falcioni.<\/p>\n<p style=\"text-align: justify;\">Fuente: TyC Sports.<\/p>\n","protected":false},"excerpt":{"rendered":"<p>El Pirata se puso a dos puntos de la cima al ganar ag\u00f3nicamente por 2-1.\u00a0Jorge Vel\u00e1zquez y Mauro \u00d3bolo, cerca del final, marcaron para el Pirata, mientras que Sebasti\u00e1n Romero hab\u00eda igualado\u00a0en favor del Cervecero. Belgrano\u00a0derrot\u00f3 a\u00a0Quilmes\u00a0por 2-1 este lunes en C\u00f3rdoba en el cierre de la novena jornada del campeonato de Primera Divisi\u00f3n y [&hellip;]<\/p>\n","protected":false},"author":20,"featured_media":28536,"comment_status":"closed","ping_status":"closed","sticky":false,"template":"","format":"standard","meta":{"_seopress_robots_primary_cat":"","_seopress_titles_title":"","_seopress_titles_desc":"","_seopress_robots_index":"","footnotes":""},"categories":[2,16],"tags":[33,4172,314,2115,105],"class_list":["post-28522","post","type-post","status-publish","format-standard","has-post-thumbnail","hentry","category-futbol","category-primera-division","tag-afa","tag-belgrano-quilmes","tag-formaciones","tag-previa","tag-primera-division-2"],"_links":{"self":[{"href":"https:\/\/www.cordobatimes.com\/deportes\/wp-json\/wp\/v2\/posts\/28522","targetHints":{"allow":["GET"]}}],"collection":[{"href":"https:\/\/www.cordobatimes.com\/deportes\/wp-json\/wp\/v2\/posts"}],"about":[{"href":"https:\/\/www.cordobatimes.com\/deportes\/wp-json\/wp\/v2\/types\/post"}],"author":[{"embeddable":true,"href":"https:\/\/www.cordobatimes.com\/deportes\/wp-json\/wp\/v2\/users\/20"}],"replies":[{"embeddable":true,"href":"https:\/\/www.cordobatimes.com\/deportes\/wp-json\/wp\/v2\/comments?post=28522"}],"version-history":[{"count":0,"href":"https:\/\/www.cordobatimes.com\/deportes\/wp-json\/wp\/v2\/posts\/28522\/revisions"}],"wp:featuredmedia":[{"embeddable":true,"href":"https:\/\/www.cordobatimes.com\/deportes\/wp-json\/wp\/v2\/media\/28536"}],"wp:attachment":[{"href":"https:\/\/www.cordobatimes.com\/deportes\/wp-json\/wp\/v2\/media?parent=28522"}],"wp:term":[{"taxonomy":"category","embeddable":true,"href":"https:\/\/www.cordobatimes.com\/deportes\/wp-json\/wp\/v2\/categories?post=28522"},{"taxonomy":"post_tag","embeddable":true,"href":"https:\/\/www.cordobatimes.com\/deportes\/wp-json\/wp\/v2\/tags?post=28522"}],"curies":[{"name":"wp","href":"https:\/\/api.w.org\/{rel}","templated":true}]}}