{"id":28475,"date":"2015-04-10T18:15:09","date_gmt":"2015-04-10T21:15:09","guid":{"rendered":"http:\/\/www.cordobatimes.com\/deportes\/?p=28475"},"modified":"2015-04-10T18:17:13","modified_gmt":"2015-04-10T21:17:13","slug":"gold-cabrera-redondeo-una-buena-jornada-y-paso-el-corte-en-augusta","status":"publish","type":"post","link":"https:\/\/www.cordobatimes.com\/deportes\/polideportivo\/2015\/04\/10\/gold-cabrera-redondeo-una-buena-jornada-y-paso-el-corte-en-augusta\/","title":{"rendered":"Golf: Cabrera redondeo una buena jornada y paso el corte en Augusta"},"content":{"rendered":"<p style=\"text-align: center;\"><a href=\"http:\/\/www.cordobatimes.com\/deportes\/wp-content\/uploads\/2015\/04\/Cabrera.jpg\"><img loading=\"lazy\" decoding=\"async\" class=\"size-full wp-image-28476 aligncenter\" alt=\"Cabrera\" src=\"http:\/\/www.cordobatimes.com\/deportes\/wp-content\/uploads\/2015\/04\/Cabrera.jpg\" width=\"960\" height=\"640\" data-id=\"28476\" srcset=\"https:\/\/www.cordobatimes.com\/deportes\/wp-content\/uploads\/2015\/04\/Cabrera.jpg 960w, https:\/\/www.cordobatimes.com\/deportes\/wp-content\/uploads\/2015\/04\/Cabrera-300x200.jpg 300w\" sizes=\"auto, (max-width: 960px) 100vw, 960px\" \/><\/a><\/p>\n<h3 style=\"text-align: justify;\">El cordob\u00e9s realiz\u00f3 una vuelta de 69 golpes (tres bajo el par), y pelear\u00e1 por conseguir su segundo t\u00edtulo.<\/h3>\n<p style=\"text-align: justify;\">\n<p style=\"text-align: justify;\">\n<p style=\"text-align: justify;\">\u00c1ngel Cabrera se asegur\u00f3 participar todo el fin de semana del Masters de Augusta ya que en la segunda jornada, y luego de haber finalizado ayer en el par de la cancha, firm\u00f3 hoy una tarjeta de 69 impactos, quedando as\u00ed tres golpes bajo el total.<\/p>\n<p style=\"text-align: justify;\">Fue una jornada irregular para el nacido en Villa Allende, aunque termin\u00f3 jugando una buena vuelta en los \u00faltimos nueve hoyos. En los primeros nueve hizo dos birdies y dos bogeys. La remontada comenz\u00f3 en la bandera 13 (par 5), donde luego de una mala salida lleg\u00f3 en dos al green y termin\u00f3 con un \u00e1guila (dos bajo el par del hoyo). Luego continu\u00f3 con dos birdies m\u00e1s, en el 15 y el 18, para finalizar con -3.<\/p>\n<p style=\"text-align: justify;\">Con su tarjeta bajo el par de la cancha se asegur\u00f3 un lugar entre aquellos que jugar\u00e1n todo el fin de semana. Si bien esta lejos de la cima, el Pato quiere pelear para obtener su segundo t\u00edtulo en el certamen estadounidense (lo gan\u00f3 en 2009).<\/p>\n","protected":false},"excerpt":{"rendered":"<p>El cordob\u00e9s realiz\u00f3 una vuelta de 69 golpes (tres bajo el par), y pelear\u00e1 por conseguir su segundo t\u00edtulo. \u00c1ngel Cabrera se asegur\u00f3 participar todo el fin de semana del Masters de Augusta ya que en la segunda jornada, y luego de haber finalizado ayer en el par de la cancha, firm\u00f3 hoy una tarjeta [&hellip;]<\/p>\n","protected":false},"author":15,"featured_media":28476,"comment_status":"closed","ping_status":"closed","sticky":false,"template":"","format":"standard","meta":{"_seopress_robots_primary_cat":"","_seopress_titles_title":"","_seopress_titles_desc":"","_seopress_robots_index":"","footnotes":""},"categories":[6],"tags":[833,380,2590],"class_list":["post-28475","post","type-post","status-publish","format-standard","has-post-thumbnail","hentry","category-polideportivo","tag-angel-cabrera","tag-golf","tag-masters-de-augusta"],"_links":{"self":[{"href":"https:\/\/www.cordobatimes.com\/deportes\/wp-json\/wp\/v2\/posts\/28475","targetHints":{"allow":["GET"]}}],"collection":[{"href":"https:\/\/www.cordobatimes.com\/deportes\/wp-json\/wp\/v2\/posts"}],"about":[{"href":"https:\/\/www.cordobatimes.com\/deportes\/wp-json\/wp\/v2\/types\/post"}],"author":[{"embeddable":true,"href":"https:\/\/www.cordobatimes.com\/deportes\/wp-json\/wp\/v2\/users\/15"}],"replies":[{"embeddable":true,"href":"https:\/\/www.cordobatimes.com\/deportes\/wp-json\/wp\/v2\/comments?post=28475"}],"version-history":[{"count":0,"href":"https:\/\/www.cordobatimes.com\/deportes\/wp-json\/wp\/v2\/posts\/28475\/revisions"}],"wp:featuredmedia":[{"embeddable":true,"href":"https:\/\/www.cordobatimes.com\/deportes\/wp-json\/wp\/v2\/media\/28476"}],"wp:attachment":[{"href":"https:\/\/www.cordobatimes.com\/deportes\/wp-json\/wp\/v2\/media?parent=28475"}],"wp:term":[{"taxonomy":"category","embeddable":true,"href":"https:\/\/www.cordobatimes.com\/deportes\/wp-json\/wp\/v2\/categories?post=28475"},{"taxonomy":"post_tag","embeddable":true,"href":"https:\/\/www.cordobatimes.com\/deportes\/wp-json\/wp\/v2\/tags?post=28475"}],"curies":[{"name":"wp","href":"https:\/\/api.w.org\/{rel}","templated":true}]}}