{"id":28460,"date":"2015-04-10T12:24:29","date_gmt":"2015-04-10T15:24:29","guid":{"rendered":"http:\/\/www.cordobatimes.com\/deportes\/?p=28460"},"modified":"2015-04-10T12:25:11","modified_gmt":"2015-04-10T15:25:11","slug":"voley-se-desarrollara-el-curso-provincial-de-arbitraje","status":"publish","type":"post","link":"https:\/\/www.cordobatimes.com\/deportes\/polideportivo\/2015\/04\/10\/voley-se-desarrollara-el-curso-provincial-de-arbitraje\/","title":{"rendered":"Voley: se desarrollar\u00e1 el Curso Provincial de Arbitraje"},"content":{"rendered":"<h3><strong><a href=\"http:\/\/www.cordobatimes.com\/deportes\/wp-content\/uploads\/2015\/04\/arbitraje.jpg\"><img loading=\"lazy\" decoding=\"async\" class=\"size-full wp-image-28463 aligncenter\" alt=\"arbitraje\" src=\"http:\/\/www.cordobatimes.com\/deportes\/wp-content\/uploads\/2015\/04\/arbitraje.jpg\" width=\"993\" height=\"558\" data-id=\"28463\" srcset=\"https:\/\/www.cordobatimes.com\/deportes\/wp-content\/uploads\/2015\/04\/arbitraje.jpg 993w, https:\/\/www.cordobatimes.com\/deportes\/wp-content\/uploads\/2015\/04\/arbitraje-300x168.jpg 300w\" sizes=\"auto, (max-width: 993px) 100vw, 993px\" \/><\/a><\/strong><\/h3>\n<h3><strong>Lo dictar\u00e1 la Federaci\u00f3n Cordobesa de Voleibol del 17 al 19 de abril en la sede de la instituci\u00f3n\u00a0(Comechingones N\u00b0554, barrio Alto Alberdi).<\/strong><\/h3>\n<p>&nbsp;<\/p>\n<p><strong>Cronograma:<\/strong><\/p>\n<p>Viernes 17\/04 \u2013 De 15.30 a 20.30 hs.<\/p>\n<p>S\u00e1bado 18\/04 \u2013 De 09:00 a 18:00 hs.<\/p>\n<p>Domingo 19\/04 \u2013 De 09:00 a 14:00 hs.<\/p>\n<p>Costo de Inscripci\u00f3n: $250 (doscientos cincuenta pesos)<\/p>\n<p>Requisitos: Ser mayores de 18 a\u00f1os, tener el Ciclo B\u00e1sico Unificado (CBU) aprobado y no estar cumpliendo sanciones en ning\u00fan \u00e1mbito deportivo.<\/p>\n<p>La Federaci\u00f3n Cordobesa de Voleibol resalt\u00f3 que con estas actividades contin\u00faa apostando al crecimiento del voleibol local.<\/p>\n<p>Para m\u00e1s informaci\u00f3n contactarse v\u00eda mail a\u00a0<a href=\"mailto:info@fcvoley.org.ar\" target=\"_blank\">info@fcvoley.org.ar<\/a>, al tel\u00e9fono (0351) 4893514 o bien, personalmente, de lunes a viernes de 18:30 a 22:30 hs.<\/p>\n","protected":false},"excerpt":{"rendered":"<p>Lo dictar\u00e1 la Federaci\u00f3n Cordobesa de Voleibol del 17 al 19 de abril en la sede de la instituci\u00f3n\u00a0(Comechingones N\u00b0554, barrio Alto Alberdi). &nbsp; Cronograma: Viernes 17\/04 \u2013 De 15.30 a 20.30 hs. S\u00e1bado 18\/04 \u2013 De 09:00 a 18:00 hs. Domingo 19\/04 \u2013 De 09:00 a 14:00 hs. Costo de Inscripci\u00f3n: $250 (doscientos cincuenta [&hellip;]<\/p>\n","protected":false},"author":2,"featured_media":28463,"comment_status":"closed","ping_status":"closed","sticky":false,"template":"","format":"standard","meta":{"_seopress_robots_primary_cat":"","_seopress_titles_title":"","_seopress_titles_desc":"","_seopress_robots_index":"","footnotes":""},"categories":[6],"tags":[169,5236,5192,814],"class_list":["post-28460","post","type-post","status-publish","format-standard","has-post-thumbnail","hentry","category-polideportivo","tag-cordoba","tag-curso-de-arbitraje","tag-federacion-cordobesa-de-voley","tag-voley"],"_links":{"self":[{"href":"https:\/\/www.cordobatimes.com\/deportes\/wp-json\/wp\/v2\/posts\/28460","targetHints":{"allow":["GET"]}}],"collection":[{"href":"https:\/\/www.cordobatimes.com\/deportes\/wp-json\/wp\/v2\/posts"}],"about":[{"href":"https:\/\/www.cordobatimes.com\/deportes\/wp-json\/wp\/v2\/types\/post"}],"author":[{"embeddable":true,"href":"https:\/\/www.cordobatimes.com\/deportes\/wp-json\/wp\/v2\/users\/2"}],"replies":[{"embeddable":true,"href":"https:\/\/www.cordobatimes.com\/deportes\/wp-json\/wp\/v2\/comments?post=28460"}],"version-history":[{"count":0,"href":"https:\/\/www.cordobatimes.com\/deportes\/wp-json\/wp\/v2\/posts\/28460\/revisions"}],"wp:featuredmedia":[{"embeddable":true,"href":"https:\/\/www.cordobatimes.com\/deportes\/wp-json\/wp\/v2\/media\/28463"}],"wp:attachment":[{"href":"https:\/\/www.cordobatimes.com\/deportes\/wp-json\/wp\/v2\/media?parent=28460"}],"wp:term":[{"taxonomy":"category","embeddable":true,"href":"https:\/\/www.cordobatimes.com\/deportes\/wp-json\/wp\/v2\/categories?post=28460"},{"taxonomy":"post_tag","embeddable":true,"href":"https:\/\/www.cordobatimes.com\/deportes\/wp-json\/wp\/v2\/tags?post=28460"}],"curies":[{"name":"wp","href":"https:\/\/api.w.org\/{rel}","templated":true}]}}