{"id":28028,"date":"2015-03-23T20:41:19","date_gmt":"2015-03-23T23:41:19","guid":{"rendered":"http:\/\/www.cordobatimes.com\/deportes\/?p=28028"},"modified":"2015-03-23T20:41:19","modified_gmt":"2015-03-23T23:41:19","slug":"franco-vazquez-se-entreno-por-primera-vez-con-la-seleccion-italiana","status":"publish","type":"post","link":"https:\/\/www.cordobatimes.com\/deportes\/futbol-internacional\/2015\/03\/23\/franco-vazquez-se-entreno-por-primera-vez-con-la-seleccion-italiana\/","title":{"rendered":"Franco V\u00e1zquez se entren\u00f3 por primera vez con la selecci\u00f3n italiana"},"content":{"rendered":"<p style=\"text-align: center;\"><a href=\"http:\/\/www.cordobatimes.com\/deportes\/wp-content\/uploads\/2015\/03\/V\u00e1zquez1.jpg\"><img loading=\"lazy\" decoding=\"async\" class=\"size-full wp-image-28029 aligncenter\" alt=\"Italy Foreign Born Players\" src=\"http:\/\/www.cordobatimes.com\/deportes\/wp-content\/uploads\/2015\/03\/V\u00e1zquez1.jpg\" width=\"600\" height=\"400\" data-id=\"28029\" srcset=\"https:\/\/www.cordobatimes.com\/deportes\/wp-content\/uploads\/2015\/03\/V\u00e1zquez1.jpg 600w, https:\/\/www.cordobatimes.com\/deportes\/wp-content\/uploads\/2015\/03\/V\u00e1zquez1-300x200.jpg 300w\" sizes=\"auto, (max-width: 600px) 100vw, 600px\" \/><\/a><\/p>\n<h3 style=\"text-align: justify;\">El volante cordob\u00e9s del Palermo ya se encuentra junto a sus compa\u00f1eros en la concentraci\u00f3n azzurra y espera poder debutar ante Bulgaria o Inglaterra.<\/h3>\n<p style=\"text-align: justify;\">\n<p style=\"text-align: justify;\">Franco V\u00e1zquez ya viste los colores azules de la Selecci\u00f3n de Italia. En Coverciano, concentraci\u00f3n del combinado azzurro en Florencia, el ex Belgrano realiz\u00f3 su primera pr\u00e1ctica bajo las \u00f3rdenes de Antonio Conte.<\/p>\n<p style=\"text-align: justify;\">El &#8220;Mudo&#8221;, actualmente jugando una gran temporada en el Palermo, tiene la ilusi\u00f3n de debutar ante Bulgaria el pr\u00f3ximo s\u00e1bado por la eliminatoria de Europa. De no ser as\u00ed tendr\u00e1 la posibilidad de debutar la siguiente semana en un amistoso frente a Inglaterra.<\/p>\n<p style=\"text-align: justify;\">Recordemos que el volante nacido en Tanti posee la nacionalidad italiana debido a que su madre es nacida en aquel pa\u00eds.<\/p>\n","protected":false},"excerpt":{"rendered":"<p>El volante cordob\u00e9s del Palermo ya se encuentra junto a sus compa\u00f1eros en la concentraci\u00f3n azzurra y espera poder debutar ante Bulgaria o Inglaterra. Franco V\u00e1zquez ya viste los colores azules de la Selecci\u00f3n de Italia. En Coverciano, concentraci\u00f3n del combinado azzurro en Florencia, el ex Belgrano realiz\u00f3 su primera pr\u00e1ctica bajo las \u00f3rdenes de [&hellip;]<\/p>\n","protected":false},"author":15,"featured_media":28029,"comment_status":"closed","ping_status":"closed","sticky":false,"template":"","format":"standard","meta":{"_seopress_robots_primary_cat":"","_seopress_titles_title":"","_seopress_titles_desc":"","_seopress_robots_index":"","footnotes":""},"categories":[18],"tags":[5171,5166,5165],"class_list":["post-28028","post","type-post","status-publish","format-standard","has-post-thumbnail","hentry","category-futbol-internacional","tag-eliminatorias-europeas","tag-franco-vazquez","tag-seleccion-de-italia"],"_links":{"self":[{"href":"https:\/\/www.cordobatimes.com\/deportes\/wp-json\/wp\/v2\/posts\/28028","targetHints":{"allow":["GET"]}}],"collection":[{"href":"https:\/\/www.cordobatimes.com\/deportes\/wp-json\/wp\/v2\/posts"}],"about":[{"href":"https:\/\/www.cordobatimes.com\/deportes\/wp-json\/wp\/v2\/types\/post"}],"author":[{"embeddable":true,"href":"https:\/\/www.cordobatimes.com\/deportes\/wp-json\/wp\/v2\/users\/15"}],"replies":[{"embeddable":true,"href":"https:\/\/www.cordobatimes.com\/deportes\/wp-json\/wp\/v2\/comments?post=28028"}],"version-history":[{"count":0,"href":"https:\/\/www.cordobatimes.com\/deportes\/wp-json\/wp\/v2\/posts\/28028\/revisions"}],"wp:featuredmedia":[{"embeddable":true,"href":"https:\/\/www.cordobatimes.com\/deportes\/wp-json\/wp\/v2\/media\/28029"}],"wp:attachment":[{"href":"https:\/\/www.cordobatimes.com\/deportes\/wp-json\/wp\/v2\/media?parent=28028"}],"wp:term":[{"taxonomy":"category","embeddable":true,"href":"https:\/\/www.cordobatimes.com\/deportes\/wp-json\/wp\/v2\/categories?post=28028"},{"taxonomy":"post_tag","embeddable":true,"href":"https:\/\/www.cordobatimes.com\/deportes\/wp-json\/wp\/v2\/tags?post=28028"}],"curies":[{"name":"wp","href":"https:\/\/api.w.org\/{rel}","templated":true}]}}