{"id":28017,"date":"2015-03-23T23:27:37","date_gmt":"2015-03-24T02:27:37","guid":{"rendered":"http:\/\/www.cordobatimes.com\/deportes\/?p=28017"},"modified":"2015-03-26T13:49:51","modified_gmt":"2015-03-26T16:49:51","slug":"talleres-pone-primera-en-el-federal-a-contra-9-de-julio","status":"publish","type":"post","link":"https:\/\/www.cordobatimes.com\/deportes\/futbol\/2015\/03\/23\/talleres-pone-primera-en-el-federal-a-contra-9-de-julio\/","title":{"rendered":"Federal A: Talleres arranc\u00f3 con el pie derecho"},"content":{"rendered":"<h3><a href=\"http:\/\/www.cordobatimes.com\/deportes\/wp-content\/uploads\/2015\/03\/Talleres1.jpg\"><img loading=\"lazy\" decoding=\"async\" class=\"aligncenter size-full wp-image-28032\" alt=\"Foto: D\u00eda a D\u00eda\" src=\"http:\/\/www.cordobatimes.com\/deportes\/wp-content\/uploads\/2015\/03\/Talleres1.jpg\" width=\"1008\" height=\"566\" data-id=\"28032\" srcset=\"https:\/\/www.cordobatimes.com\/deportes\/wp-content\/uploads\/2015\/03\/Talleres1.jpg 1008w, https:\/\/www.cordobatimes.com\/deportes\/wp-content\/uploads\/2015\/03\/Talleres1-300x168.jpg 300w\" sizes=\"auto, (max-width: 1008px) 100vw, 1008px\" \/><\/a><\/h3>\n<h3 style=\"text-align: justify;\"><strong>El Matador super\u00f3 a 9 de Julio de Morteros por 2 a 0 con goles de Olivera y Barrionuevo en la primera fecha del Torneo Federal.<\/strong><\/h3>\n<h3><\/h3>\n<p>Talleres comenz\u00f3 de la mejor manera su andar en el Torneo Federal A al superer por 2-0 a 9 de Julio de Morteros. El partido se jug\u00f3 en el Estadio Mario Alberto Kempes ante 30 mil personas aproximadamente.<\/p>\n<p>Luego un un comienzo arrollador, el albiazul pudo concretar reci\u00e9n a los 33 minutos de la primera mitad: tras una falta en el borde del \u00e1rea, Juan Pablo Francia puso un centro perfecto y Olivera, de cabeza, puso el 1-0. Cuando mor\u00eda el primer tiempo, Fern\u00e1ndez le pego un manotazo a Araujo y el colegiado Gonz\u00e1lez lo expuls\u00f3.<\/p>\n<p>En el complemento, Talleres continuo controlando la pelota mientras que la visita esperaba alg\u00fan contragolpe milagroso. El segundo lleg\u00f3 a los 10 minutos, cuando luego de un centro de Santiago Raymonda apareci\u00f3 Barrionuevo para anotar de cabeza y poner as\u00ed el 2-0.<\/p>\n<p>Los de Morteros pudieron descontar a trav\u00e9s del ingresado Guidi\u00f1o, quien encar\u00f3 y dispar\u00f3 al palo derecho de Ischuk. Esta fue la m\u00e1s clara que tuvo la visita. Despu\u00e9s de eso ya no hubo demasiado tiempo para m\u00e1s y as\u00ed Talleres consigui\u00f3 un triunfo con autoridad que desato el aplauso de los hinchas.<\/p>\n<p>&nbsp;<\/p>\n<p><iframe loading=\"lazy\" src=\"\/\/cdnapi.kaltura.com\/p\/1751411\/sp\/175141100\/embedIframeJs\/uiconf_id\/26050491\/partner_id\/1751411?iframeembed=true&amp;playerId=kaltura_player_1427166632&amp;entry_id=0_t0r4ji3t&amp;flashvars[streamerType]=auto\" height=\"395\" width=\"560\" allowfullscreen=\"\" frameborder=\"0\"><\/iframe><\/p>\n<h2>POSIBLES FORMACIONES<\/h2>\n<p><strong>Talleres:\u00a0<\/strong>Lucas Ischuk; Ivo Ch\u00e1vez, Adalberto Goiri, Wilfredo Olivera y Nelson Ben\u00edtez; Rodrigo Burgos y Santiago Raymonda; Ezequiel Barrionuevo, Juan Pablo Francia y Aldo Araujo; Eial Strahman o Marcos Godoy.\u00a0<strong>DT:<\/strong>\u00a0Frank Kudelka.<\/p>\n<p><strong>9 de Julio (Morteros):<\/strong>\u00a0Adelquis Ruffini; Bruno Tonda, An\u00edbal Medina, Mandrile o Montiel y Alejandro Pejurek; Miqueas Lapalma, Mat\u00edas Fern\u00e1ndez, Arga\u00f1ar\u00e1z o Rub\u00e9n Molina y Wasinger o Jonathan Acosta; Ezequiel Carvallo y Santiago S\u00e1nchez.\u00a0<strong>DT:<\/strong>\u00a0Alejandro Berganti\u00f1os.<\/p>\n","protected":false},"excerpt":{"rendered":"<p>El Matador super\u00f3 a 9 de Julio de Morteros por 2 a 0 con goles de Olivera y Barrionuevo en la primera fecha del Torneo Federal. Talleres comenz\u00f3 de la mejor manera su andar en el Torneo Federal A al superer por 2-0 a 9 de Julio de Morteros. El partido se jug\u00f3 en el [&hellip;]<\/p>\n","protected":false},"author":15,"featured_media":28035,"comment_status":"closed","ping_status":"closed","sticky":false,"template":"","format":"standard","meta":{"_seopress_robots_primary_cat":"","_seopress_titles_title":"","_seopress_titles_desc":"","_seopress_robots_index":"","footnotes":""},"categories":[2],"tags":[169,1981,3658,5169],"class_list":["post-28017","post","type-post","status-publish","format-standard","has-post-thumbnail","hentry","category-futbol","tag-cordoba","tag-estadio-mario-alberto-kempes","tag-federal-a","tag-talleres-9-de-julio-de-morteros"],"_links":{"self":[{"href":"https:\/\/www.cordobatimes.com\/deportes\/wp-json\/wp\/v2\/posts\/28017","targetHints":{"allow":["GET"]}}],"collection":[{"href":"https:\/\/www.cordobatimes.com\/deportes\/wp-json\/wp\/v2\/posts"}],"about":[{"href":"https:\/\/www.cordobatimes.com\/deportes\/wp-json\/wp\/v2\/types\/post"}],"author":[{"embeddable":true,"href":"https:\/\/www.cordobatimes.com\/deportes\/wp-json\/wp\/v2\/users\/15"}],"replies":[{"embeddable":true,"href":"https:\/\/www.cordobatimes.com\/deportes\/wp-json\/wp\/v2\/comments?post=28017"}],"version-history":[{"count":0,"href":"https:\/\/www.cordobatimes.com\/deportes\/wp-json\/wp\/v2\/posts\/28017\/revisions"}],"wp:featuredmedia":[{"embeddable":true,"href":"https:\/\/www.cordobatimes.com\/deportes\/wp-json\/wp\/v2\/media\/28035"}],"wp:attachment":[{"href":"https:\/\/www.cordobatimes.com\/deportes\/wp-json\/wp\/v2\/media?parent=28017"}],"wp:term":[{"taxonomy":"category","embeddable":true,"href":"https:\/\/www.cordobatimes.com\/deportes\/wp-json\/wp\/v2\/categories?post=28017"},{"taxonomy":"post_tag","embeddable":true,"href":"https:\/\/www.cordobatimes.com\/deportes\/wp-json\/wp\/v2\/tags?post=28017"}],"curies":[{"name":"wp","href":"https:\/\/api.w.org\/{rel}","templated":true}]}}