{"id":27783,"date":"2015-03-12T12:31:25","date_gmt":"2015-03-12T15:31:25","guid":{"rendered":"http:\/\/www.cordobatimes.com\/deportes\/?p=27783"},"modified":"2015-03-12T12:31:25","modified_gmt":"2015-03-12T15:31:25","slug":"el-mini-balotelli-que-es-furor-en-internet","status":"publish","type":"post","link":"https:\/\/www.cordobatimes.com\/deportes\/futbol-internacional\/2015\/03\/12\/el-mini-balotelli-que-es-furor-en-internet\/","title":{"rendered":"El &#8220;mini Balotelli&#8221; que es furor en internet"},"content":{"rendered":"<h3><strong><a href=\"http:\/\/www.cordobatimes.com\/deportes\/wp-content\/uploads\/2015\/03\/mini-balotelli.jpg\"><img loading=\"lazy\" decoding=\"async\" class=\"size-full wp-image-27784 aligncenter\" alt=\"mini balotelli\" src=\"http:\/\/www.cordobatimes.com\/deportes\/wp-content\/uploads\/2015\/03\/mini-balotelli.jpg\" width=\"359\" height=\"316\" data-id=\"27784\" srcset=\"https:\/\/www.cordobatimes.com\/deportes\/wp-content\/uploads\/2015\/03\/mini-balotelli.jpg 359w, https:\/\/www.cordobatimes.com\/deportes\/wp-content\/uploads\/2015\/03\/mini-balotelli-300x264.jpg 300w\" sizes=\"auto, (max-width: 359px) 100vw, 359px\" \/><\/a><\/strong><\/h3>\n<h3><strong>Circula un video en Youtube donde se observa a un ni\u00f1o de apenas 9 a\u00f1os celebrando un gol al mejor estilo del delantero italiano. Mir\u00e1 las im\u00e1genes.<\/strong><\/h3>\n<p>&nbsp;<\/p>\n<p>La primera versi\u00f3n surgi\u00f3 en la Eurocopa 2012, cuando Mario Balotelli le anot\u00f3 a Alemania, se quit\u00f3 la remera y, con cara de malo, se plant\u00f3 frente a las c\u00e1maras.<\/p>\n<p>Ahora, imitando a quien quiz\u00e1s sea su \u00eddolo, lo replic\u00f3 un jovencito, realizando la misma acci\u00f3n y siendo uno de los videos mas visitados de los \u00faltimos d\u00edas:<\/p>\n<p><iframe loading=\"lazy\" src=\"https:\/\/www.youtube.com\/embed\/n-BzoIab5S8\" height=\"315\" width=\"420\" allowfullscreen=\"\" frameborder=\"0\"><\/iframe><\/p>\n<p>El original de &#8220;Super Mario&#8221;:<\/p>\n<p><iframe loading=\"lazy\" src=\"https:\/\/www.youtube.com\/embed\/aYPpSiD6sTo\" height=\"315\" width=\"560\" allowfullscreen=\"\" frameborder=\"0\"><\/iframe><\/p>\n","protected":false},"excerpt":{"rendered":"<p>Circula un video en Youtube donde se observa a un ni\u00f1o de apenas 9 a\u00f1os celebrando un gol al mejor estilo del delantero italiano. Mir\u00e1 las im\u00e1genes. &nbsp; La primera versi\u00f3n surgi\u00f3 en la Eurocopa 2012, cuando Mario Balotelli le anot\u00f3 a Alemania, se quit\u00f3 la remera y, con cara de malo, se plant\u00f3 frente [&hellip;]<\/p>\n","protected":false},"author":2,"featured_media":27784,"comment_status":"closed","ping_status":"closed","sticky":false,"template":"","format":"standard","meta":{"_seopress_robots_primary_cat":"","_seopress_titles_title":"","_seopress_titles_desc":"","_seopress_robots_index":"","footnotes":""},"categories":[18],"tags":[263,5130,1060,5129,80],"class_list":["post-27783","post","type-post","status-publish","format-standard","has-post-thumbnail","hentry","category-futbol-internacional","tag-balotelli","tag-curiosas","tag-festejo-de-gol","tag-mini-balotelli","tag-video"],"_links":{"self":[{"href":"https:\/\/www.cordobatimes.com\/deportes\/wp-json\/wp\/v2\/posts\/27783","targetHints":{"allow":["GET"]}}],"collection":[{"href":"https:\/\/www.cordobatimes.com\/deportes\/wp-json\/wp\/v2\/posts"}],"about":[{"href":"https:\/\/www.cordobatimes.com\/deportes\/wp-json\/wp\/v2\/types\/post"}],"author":[{"embeddable":true,"href":"https:\/\/www.cordobatimes.com\/deportes\/wp-json\/wp\/v2\/users\/2"}],"replies":[{"embeddable":true,"href":"https:\/\/www.cordobatimes.com\/deportes\/wp-json\/wp\/v2\/comments?post=27783"}],"version-history":[{"count":0,"href":"https:\/\/www.cordobatimes.com\/deportes\/wp-json\/wp\/v2\/posts\/27783\/revisions"}],"wp:featuredmedia":[{"embeddable":true,"href":"https:\/\/www.cordobatimes.com\/deportes\/wp-json\/wp\/v2\/media\/27784"}],"wp:attachment":[{"href":"https:\/\/www.cordobatimes.com\/deportes\/wp-json\/wp\/v2\/media?parent=27783"}],"wp:term":[{"taxonomy":"category","embeddable":true,"href":"https:\/\/www.cordobatimes.com\/deportes\/wp-json\/wp\/v2\/categories?post=27783"},{"taxonomy":"post_tag","embeddable":true,"href":"https:\/\/www.cordobatimes.com\/deportes\/wp-json\/wp\/v2\/tags?post=27783"}],"curies":[{"name":"wp","href":"https:\/\/api.w.org\/{rel}","templated":true}]}}