{"id":27609,"date":"2015-03-04T19:08:58","date_gmt":"2015-03-04T22:08:58","guid":{"rendered":"http:\/\/www.cordobatimes.com\/deportes\/?p=27609"},"modified":"2015-03-04T19:08:58","modified_gmt":"2015-03-04T22:08:58","slug":"copa-del-rey-barcelona-vencio-al-villarreal-y-se-metio-en-la-final","status":"publish","type":"post","link":"https:\/\/www.cordobatimes.com\/deportes\/futbol-internacional\/2015\/03\/04\/copa-del-rey-barcelona-vencio-al-villarreal-y-se-metio-en-la-final\/","title":{"rendered":"Copa del Rey: Barcelona venci\u00f3 al Villarreal y se meti\u00f3 en la final"},"content":{"rendered":"<p style=\"text-align: center;\"><a href=\"http:\/\/www.cordobatimes.com\/deportes\/wp-content\/uploads\/2015\/03\/Messi.jpg\"><img loading=\"lazy\" decoding=\"async\" class=\"size-full wp-image-27610 aligncenter\" alt=\"VILLARREAL BARCELONA\" src=\"http:\/\/www.cordobatimes.com\/deportes\/wp-content\/uploads\/2015\/03\/Messi.jpg\" width=\"960\" height=\"640\" data-id=\"27610\" srcset=\"https:\/\/www.cordobatimes.com\/deportes\/wp-content\/uploads\/2015\/03\/Messi.jpg 960w, https:\/\/www.cordobatimes.com\/deportes\/wp-content\/uploads\/2015\/03\/Messi-300x200.jpg 300w\" sizes=\"auto, (max-width: 960px) 100vw, 960px\" \/><\/a><\/p>\n<h3 style=\"text-align: justify;\">El conjunto catal\u00e1n venci\u00f3 como visitante al Submarino Amarillo por 3-1, como ya lo hab\u00eda hecho en la ida en el Camp Nou. Su rival ser\u00e1 el vencedor de la llave entre el Espanyol y el Athletic Bilbao, que igualaron 1-1 en el primer duelo.<\/h3>\n<p style=\"text-align: justify;\">\n<p style=\"text-align: justify;\">\n<p style=\"text-align: justify;\">Barcelona logr\u00f3 hace instantes la clasificaci\u00f3n a la final de la Copa del Rey a superar en condici\u00f3n de visitante al Villarreal por 3 a 1. Javier Mascherano y Lionel Messi fueron titulares en el conjunto blaugrana. En la ida el resultado hab\u00eda sido el mismo.<\/p>\n<p style=\"text-align: justify;\">Los tantos fueron marcados por Neymar (3m PT y 43m ST), y el uruguayo Luis Su\u00e1rez (28m ST). Para los locales, que contaron entre su once inicial con Mateo Musacchio y Luciano Vietto, hab\u00eda puesto el empate transitorio Jonathan Dos Santos a los 36 de la primera mitad.<\/p>\n<p style=\"text-align: justify;\">El Submarino Amarillo termin\u00f3 con uno menos por la expulsi\u00f3n de Pina a los 20 del segundo tiempo por una descalificadora patada desde atr\u00e1s a Neymar. Ahora Barcelona espera en la final al vencedor del cruce entre el Espanyol y el Bilbao, que en la ida igualaron 1 a 1.<\/p>\n","protected":false},"excerpt":{"rendered":"<p>El conjunto catal\u00e1n venci\u00f3 como visitante al Submarino Amarillo por 3-1, como ya lo hab\u00eda hecho en la ida en el Camp Nou. Su rival ser\u00e1 el vencedor de la llave entre el Espanyol y el Athletic Bilbao, que igualaron 1-1 en el primer duelo. Barcelona logr\u00f3 hace instantes la clasificaci\u00f3n a la final de [&hellip;]<\/p>\n","protected":false},"author":15,"featured_media":27610,"comment_status":"closed","ping_status":"closed","sticky":false,"template":"","format":"standard","meta":{"_seopress_robots_primary_cat":"","_seopress_titles_title":"","_seopress_titles_desc":"","_seopress_robots_index":"","footnotes":""},"categories":[18],"tags":[67,973,925,498],"class_list":["post-27609","post","type-post","status-publish","format-standard","has-post-thumbnail","hentry","category-futbol-internacional","tag-barcelona","tag-copa-del-rey","tag-final","tag-futbol-internacional-2"],"_links":{"self":[{"href":"https:\/\/www.cordobatimes.com\/deportes\/wp-json\/wp\/v2\/posts\/27609","targetHints":{"allow":["GET"]}}],"collection":[{"href":"https:\/\/www.cordobatimes.com\/deportes\/wp-json\/wp\/v2\/posts"}],"about":[{"href":"https:\/\/www.cordobatimes.com\/deportes\/wp-json\/wp\/v2\/types\/post"}],"author":[{"embeddable":true,"href":"https:\/\/www.cordobatimes.com\/deportes\/wp-json\/wp\/v2\/users\/15"}],"replies":[{"embeddable":true,"href":"https:\/\/www.cordobatimes.com\/deportes\/wp-json\/wp\/v2\/comments?post=27609"}],"version-history":[{"count":0,"href":"https:\/\/www.cordobatimes.com\/deportes\/wp-json\/wp\/v2\/posts\/27609\/revisions"}],"wp:featuredmedia":[{"embeddable":true,"href":"https:\/\/www.cordobatimes.com\/deportes\/wp-json\/wp\/v2\/media\/27610"}],"wp:attachment":[{"href":"https:\/\/www.cordobatimes.com\/deportes\/wp-json\/wp\/v2\/media?parent=27609"}],"wp:term":[{"taxonomy":"category","embeddable":true,"href":"https:\/\/www.cordobatimes.com\/deportes\/wp-json\/wp\/v2\/categories?post=27609"},{"taxonomy":"post_tag","embeddable":true,"href":"https:\/\/www.cordobatimes.com\/deportes\/wp-json\/wp\/v2\/tags?post=27609"}],"curies":[{"name":"wp","href":"https:\/\/api.w.org\/{rel}","templated":true}]}}