{"id":27566,"date":"2015-03-02T08:30:17","date_gmt":"2015-03-02T11:30:17","guid":{"rendered":"http:\/\/www.cordobatimes.com\/deportes\/?p=27566"},"modified":"2015-03-02T09:46:42","modified_gmt":"2015-03-02T12:46:42","slug":"nadal-obtuvo-el-atp-250-de-buenos-aires","status":"publish","type":"post","link":"https:\/\/www.cordobatimes.com\/deportes\/tenis\/2015\/03\/02\/nadal-obtuvo-el-atp-250-de-buenos-aires\/","title":{"rendered":"Nadal obtuvo el ATP 250 de Buenos Aires"},"content":{"rendered":"<h3><strong><a href=\"http:\/\/www.cordobatimes.com\/deportes\/wp-content\/uploads\/2015\/03\/Nadal1.jpg\"><img loading=\"lazy\" decoding=\"async\" class=\"size-full wp-image-27568 aligncenter\" alt=\"Nadal\" src=\"http:\/\/www.cordobatimes.com\/deportes\/wp-content\/uploads\/2015\/03\/Nadal1.jpg\" width=\"1000\" height=\"560\" data-id=\"27568\" srcset=\"https:\/\/www.cordobatimes.com\/deportes\/wp-content\/uploads\/2015\/03\/Nadal1.jpg 1000w, https:\/\/www.cordobatimes.com\/deportes\/wp-content\/uploads\/2015\/03\/Nadal1-300x168.jpg 300w\" sizes=\"auto, (max-width: 1000px) 100vw, 1000px\" \/><\/a><\/strong><\/h3>\n<h3><strong>El espa\u00f1ol bati\u00f3 por 6-4 y 6-1 al tandilense M\u00f3naco para coronarse por primera vez en el pa\u00eds. El duelo estuvo interrumpido varias veces por la lluvia.\u00a0<\/strong><\/h3>\n<p>&nbsp;<\/p>\n<p>El espa\u00f1ol Rafael Nadal, 9 veces campe\u00f3n de Roland Garros, se coron\u00f3 hoy campeon del Argentina Open, certamen dotado con premios por 573.750 d\u00f3lares, tras derrotar en la final al tandilense Juan M\u00f3naco por 6-4 y 6-1.<\/p>\n<p>Nadal, quien no obten\u00eda un t\u00edtulo desde hac\u00eda nueve meses, cuando se coron\u00f3 en Roland Garros, consum\u00f3 su victoria sobre M\u00f3naco en una hora y 28 minutos ante 5.000 personas que presenciaron la final en el Buenos Aires Lawn Tennis Club, en el barrio de Palermo, en la Capital Federal.<\/p>\n<p>El tenista nacido en Mallorca hace 28 a\u00f1os conquist\u00f3 su t\u00edtulo n\u00famero 65 en el circuito de la ATP y extendi\u00f3 la hegemon\u00eda de espa\u00f1oles campeones en Buenos Aires, ya que desde 2008, cuando alz\u00f3 el trofeo el cordob\u00e9s David Nalbandian, los siete campeonatos siguientes quedaron en manos de integrantes de &#8216;La Armada&#8217;.<\/p>\n<p>As\u00ed, Tommy Robredo en 2009, Juan Carlos Ferrero en 2010, Nicol\u00e1s Almagro en 2011 y David Ferrer en 2012, 2013 y 2014 se adjudicaron el certamen porte\u00f1o.<\/p>\n<p>Ahora se sum\u00f3 &#8216;Rafa&#8217;, quien lucir\u00e1 en sus vitrinas la Copa del Argentina Open, junto a los 9 que ya tiene de Roland Garros.<\/p>\n<p>Nadal hab\u00eda superado en las rondas previas a otros tres tenistas argentinos, Facundo Arg\u00fcello (146), Federico Delbonis (59) y Carlos Berlocq (74), y lleg\u00f3 a la final con antecedentes muy favorables sobre M\u00f3naco, a quien le hab\u00eda ganado cinco veces contra una sola derrota, en el cemento de Cincinnati en 2007.<\/p>\n<p>Fuente: TyC Sports.<\/p>\n","protected":false},"excerpt":{"rendered":"<p>El espa\u00f1ol bati\u00f3 por 6-4 y 6-1 al tandilense M\u00f3naco para coronarse por primera vez en el pa\u00eds. El duelo estuvo interrumpido varias veces por la lluvia.\u00a0 &nbsp; El espa\u00f1ol Rafael Nadal, 9 veces campe\u00f3n de Roland Garros, se coron\u00f3 hoy campeon del Argentina Open, certamen dotado con premios por 573.750 d\u00f3lares, tras derrotar en [&hellip;]<\/p>\n","protected":false},"author":2,"featured_media":27567,"comment_status":"closed","ping_status":"closed","sticky":false,"template":"","format":"standard","meta":{"_seopress_robots_primary_cat":"","_seopress_titles_title":"","_seopress_titles_desc":"","_seopress_robots_index":"","footnotes":""},"categories":[4],"tags":[3454,3686,1410,237],"class_list":["post-27566","post","type-post","status-publish","format-standard","has-post-thumbnail","hentry","category-tenis","tag-atp-250","tag-buenos-aires","tag-monaco","tag-nadal"],"_links":{"self":[{"href":"https:\/\/www.cordobatimes.com\/deportes\/wp-json\/wp\/v2\/posts\/27566","targetHints":{"allow":["GET"]}}],"collection":[{"href":"https:\/\/www.cordobatimes.com\/deportes\/wp-json\/wp\/v2\/posts"}],"about":[{"href":"https:\/\/www.cordobatimes.com\/deportes\/wp-json\/wp\/v2\/types\/post"}],"author":[{"embeddable":true,"href":"https:\/\/www.cordobatimes.com\/deportes\/wp-json\/wp\/v2\/users\/2"}],"replies":[{"embeddable":true,"href":"https:\/\/www.cordobatimes.com\/deportes\/wp-json\/wp\/v2\/comments?post=27566"}],"version-history":[{"count":0,"href":"https:\/\/www.cordobatimes.com\/deportes\/wp-json\/wp\/v2\/posts\/27566\/revisions"}],"wp:featuredmedia":[{"embeddable":true,"href":"https:\/\/www.cordobatimes.com\/deportes\/wp-json\/wp\/v2\/media\/27567"}],"wp:attachment":[{"href":"https:\/\/www.cordobatimes.com\/deportes\/wp-json\/wp\/v2\/media?parent=27566"}],"wp:term":[{"taxonomy":"category","embeddable":true,"href":"https:\/\/www.cordobatimes.com\/deportes\/wp-json\/wp\/v2\/categories?post=27566"},{"taxonomy":"post_tag","embeddable":true,"href":"https:\/\/www.cordobatimes.com\/deportes\/wp-json\/wp\/v2\/tags?post=27566"}],"curies":[{"name":"wp","href":"https:\/\/api.w.org\/{rel}","templated":true}]}}