{"id":27504,"date":"2015-02-27T14:00:43","date_gmt":"2015-02-27T17:00:43","guid":{"rendered":"http:\/\/www.cordobatimes.com\/deportes\/?p=27504"},"modified":"2015-02-27T14:00:43","modified_gmt":"2015-02-27T17:00:43","slug":"gigliotti-deja-boca-para-irse-a-china","status":"publish","type":"post","link":"https:\/\/www.cordobatimes.com\/deportes\/futbol\/2015\/02\/27\/gigliotti-deja-boca-para-irse-a-china\/","title":{"rendered":"Gigliotti deja Boca para irse a China"},"content":{"rendered":"<h3><strong><a href=\"http:\/\/www.cordobatimes.com\/deportes\/wp-content\/uploads\/2015\/02\/Gigliotti.jpg\"><img loading=\"lazy\" decoding=\"async\" class=\"size-full wp-image-27505 aligncenter\" alt=\"Gigliotti\" src=\"http:\/\/www.cordobatimes.com\/deportes\/wp-content\/uploads\/2015\/02\/Gigliotti.jpg\" width=\"770\" height=\"433\" data-id=\"27505\" srcset=\"https:\/\/www.cordobatimes.com\/deportes\/wp-content\/uploads\/2015\/02\/Gigliotti.jpg 770w, https:\/\/www.cordobatimes.com\/deportes\/wp-content\/uploads\/2015\/02\/Gigliotti-300x168.jpg 300w\" sizes=\"auto, (max-width: 770px) 100vw, 770px\" \/><\/a><\/strong><\/h3>\n<h3><strong>El delantero, que hab\u00eda manifestado su intenci\u00f3n de seguir en el Xeneize, jugar\u00e1 por cinco meses en el\u00a0Chongqing Lifan del pa\u00eds asi\u00e1tico. La contrataci\u00f3n de Osvaldo y la superpoblaci\u00f3n de delanteros influyeron en su determinaci\u00f3n de marcharse.<\/strong><\/h3>\n<p>&nbsp;<\/p>\n<p style=\"text-align: justify;\">Emmanuel Gigliotti, que hab\u00eda estado en los planes de Racing e Independiente durante el \u00faltimo mercado de pases, viajar\u00e1 a China en las pr\u00f3ximas horas para incorporarse a su nuevo club.<\/p>\n<p style=\"text-align: justify;\">Seg\u00fan hab\u00eda afirmado el propio jugador, la idea que ten\u00eda era quedarse a pelear un lugar en el equipo, aunque la llegada de Daniel Osvaldo\u00a0y el regreso exitoso de Sebasti\u00e1n Palacios\u00a0en la zona de ataque lo dejaron relegado en las preferencias del entrenador.<\/p>\n<p style=\"text-align: justify;\">Adem\u00e1s de ellos dos, Jonathan Calleri, Andr\u00e9s Ch\u00e1vez y Juan Manuel Mart\u00ednez se encontraban por delante del ex Col\u00f3n para integrar la alineaci\u00f3n dirigida por Arruabarrena.<\/p>\n<p style=\"text-align: justify;\">La operaci\u00f3n ser\u00e1 a\u00a0pr\u00e9stamo por cinco meses con una opci\u00f3n de compra que ser\u00eda fijada en alrededor de 4 millones de d\u00f3lares.<\/p>\n","protected":false},"excerpt":{"rendered":"<p>El delantero, que hab\u00eda manifestado su intenci\u00f3n de seguir en el Xeneize, jugar\u00e1 por cinco meses en el\u00a0Chongqing Lifan del pa\u00eds asi\u00e1tico. La contrataci\u00f3n de Osvaldo y la superpoblaci\u00f3n de delanteros influyeron en su determinaci\u00f3n de marcharse. &nbsp; Emmanuel Gigliotti, que hab\u00eda estado en los planes de Racing e Independiente durante el \u00faltimo mercado de [&hellip;]<\/p>\n","protected":false},"author":2,"featured_media":27505,"comment_status":"closed","ping_status":"closed","sticky":false,"template":"","format":"standard","meta":{"_seopress_robots_primary_cat":"","_seopress_titles_title":"","_seopress_titles_desc":"","_seopress_robots_index":"","footnotes":""},"categories":[2,16],"tags":[33,52,1735,54],"class_list":["post-27504","post","type-post","status-publish","format-standard","has-post-thumbnail","hentry","category-futbol","category-primera-division","tag-afa","tag-boca","tag-china","tag-gigliotti"],"_links":{"self":[{"href":"https:\/\/www.cordobatimes.com\/deportes\/wp-json\/wp\/v2\/posts\/27504","targetHints":{"allow":["GET"]}}],"collection":[{"href":"https:\/\/www.cordobatimes.com\/deportes\/wp-json\/wp\/v2\/posts"}],"about":[{"href":"https:\/\/www.cordobatimes.com\/deportes\/wp-json\/wp\/v2\/types\/post"}],"author":[{"embeddable":true,"href":"https:\/\/www.cordobatimes.com\/deportes\/wp-json\/wp\/v2\/users\/2"}],"replies":[{"embeddable":true,"href":"https:\/\/www.cordobatimes.com\/deportes\/wp-json\/wp\/v2\/comments?post=27504"}],"version-history":[{"count":0,"href":"https:\/\/www.cordobatimes.com\/deportes\/wp-json\/wp\/v2\/posts\/27504\/revisions"}],"wp:featuredmedia":[{"embeddable":true,"href":"https:\/\/www.cordobatimes.com\/deportes\/wp-json\/wp\/v2\/media\/27505"}],"wp:attachment":[{"href":"https:\/\/www.cordobatimes.com\/deportes\/wp-json\/wp\/v2\/media?parent=27504"}],"wp:term":[{"taxonomy":"category","embeddable":true,"href":"https:\/\/www.cordobatimes.com\/deportes\/wp-json\/wp\/v2\/categories?post=27504"},{"taxonomy":"post_tag","embeddable":true,"href":"https:\/\/www.cordobatimes.com\/deportes\/wp-json\/wp\/v2\/tags?post=27504"}],"curies":[{"name":"wp","href":"https:\/\/api.w.org\/{rel}","templated":true}]}}