{"id":27499,"date":"2015-02-27T12:55:02","date_gmt":"2015-02-27T15:55:02","guid":{"rendered":"http:\/\/www.cordobatimes.com\/deportes\/?p=27499"},"modified":"2015-02-27T13:05:02","modified_gmt":"2015-02-27T16:05:02","slug":"lamentable-acto-racista-contra-jugador-de-la-roma","status":"publish","type":"post","link":"https:\/\/www.cordobatimes.com\/deportes\/futbol-internacional\/2015\/02\/27\/lamentable-acto-racista-contra-jugador-de-la-roma\/","title":{"rendered":"Lamentable acto racista contra jugador de la Roma"},"content":{"rendered":"<h3><strong><a href=\"http:\/\/www.cordobatimes.com\/deportes\/wp-content\/uploads\/2015\/02\/Gervinho.jpg\"><img loading=\"lazy\" decoding=\"async\" class=\"size-full wp-image-27500 aligncenter\" alt=\"Gervinho\" src=\"http:\/\/www.cordobatimes.com\/deportes\/wp-content\/uploads\/2015\/02\/Gervinho.jpg\" width=\"1000\" height=\"560\" data-id=\"27500\" srcset=\"https:\/\/www.cordobatimes.com\/deportes\/wp-content\/uploads\/2015\/02\/Gervinho.jpg 1000w, https:\/\/www.cordobatimes.com\/deportes\/wp-content\/uploads\/2015\/02\/Gervinho-300x168.jpg 300w\" sizes=\"auto, (max-width: 1000px) 100vw, 1000px\" \/><\/a><\/strong><\/h3>\n<h3 style=\"text-align: justify;\"><strong>En el duelo entre Feyenoord y el conjunto italiano, hinchas holandeses arrojaron una banana gigante contra Gervinho. Se esperan duras sanciones.<\/strong><\/h3>\n<p>&nbsp;<\/p>\n<p style=\"text-align: justify;\">Tras los hechos de violencia protagonizados por simpatizantes de Feyenoord en el partido de ida, la acci\u00f3n tuvo un nuevo cap\u00edtulo. En su estadio, la parcialidad local tir\u00f3 una banana inflable al terreno de juego, con evidente tinte discriminatorio hacia el marfile\u00f1o Gervinho.<\/p>\n<p style=\"text-align: justify;\">Pese a que el \u00e1rbitro suspendi\u00f3 moment\u00e1neamente el encuentro, todo continu\u00f3 como si nada&#8230;<\/p>\n<p><iframe loading=\"lazy\" src=\"https:\/\/www.youtube.com\/embed\/l-8juQsgo2A?rel=0\" height=\"315\" width=\"560\" allowfullscreen=\"\" frameborder=\"0\"><\/iframe><\/p>\n","protected":false},"excerpt":{"rendered":"<p>En el duelo entre Feyenoord y el conjunto italiano, hinchas holandeses arrojaron una banana gigante contra Gervinho. Se esperan duras sanciones. &nbsp; Tras los hechos de violencia protagonizados por simpatizantes de Feyenoord en el partido de ida, la acci\u00f3n tuvo un nuevo cap\u00edtulo. En su estadio, la parcialidad local tir\u00f3 una banana inflable al terreno [&hellip;]<\/p>\n","protected":false},"author":2,"featured_media":27500,"comment_status":"closed","ping_status":"closed","sticky":false,"template":"","format":"standard","meta":{"_seopress_robots_primary_cat":"","_seopress_titles_title":"","_seopress_titles_desc":"","_seopress_robots_index":"","footnotes":""},"categories":[18],"tags":[5092,5091,5093,336,111,80],"class_list":["post-27499","post","type-post","status-publish","format-standard","has-post-thumbnail","hentry","category-futbol-internacional","tag-feyenoord","tag-gervinho","tag-racismo","tag-roma","tag-uefa","tag-video"],"_links":{"self":[{"href":"https:\/\/www.cordobatimes.com\/deportes\/wp-json\/wp\/v2\/posts\/27499","targetHints":{"allow":["GET"]}}],"collection":[{"href":"https:\/\/www.cordobatimes.com\/deportes\/wp-json\/wp\/v2\/posts"}],"about":[{"href":"https:\/\/www.cordobatimes.com\/deportes\/wp-json\/wp\/v2\/types\/post"}],"author":[{"embeddable":true,"href":"https:\/\/www.cordobatimes.com\/deportes\/wp-json\/wp\/v2\/users\/2"}],"replies":[{"embeddable":true,"href":"https:\/\/www.cordobatimes.com\/deportes\/wp-json\/wp\/v2\/comments?post=27499"}],"version-history":[{"count":0,"href":"https:\/\/www.cordobatimes.com\/deportes\/wp-json\/wp\/v2\/posts\/27499\/revisions"}],"wp:featuredmedia":[{"embeddable":true,"href":"https:\/\/www.cordobatimes.com\/deportes\/wp-json\/wp\/v2\/media\/27500"}],"wp:attachment":[{"href":"https:\/\/www.cordobatimes.com\/deportes\/wp-json\/wp\/v2\/media?parent=27499"}],"wp:term":[{"taxonomy":"category","embeddable":true,"href":"https:\/\/www.cordobatimes.com\/deportes\/wp-json\/wp\/v2\/categories?post=27499"},{"taxonomy":"post_tag","embeddable":true,"href":"https:\/\/www.cordobatimes.com\/deportes\/wp-json\/wp\/v2\/tags?post=27499"}],"curies":[{"name":"wp","href":"https:\/\/api.w.org\/{rel}","templated":true}]}}