{"id":27471,"date":"2015-02-26T09:30:26","date_gmt":"2015-02-26T12:30:26","guid":{"rendered":"http:\/\/www.cordobatimes.com\/deportes\/?p=27471"},"modified":"2015-02-26T10:40:51","modified_gmt":"2015-02-26T13:40:51","slug":"atp-de-buenos-aires-pico-monaco-elimino-a-mayer","status":"publish","type":"post","link":"https:\/\/www.cordobatimes.com\/deportes\/tenis\/2015\/02\/26\/atp-de-buenos-aires-pico-monaco-elimino-a-mayer\/","title":{"rendered":"ATP de Buenos Aires: Pico M\u00f3naco elimin\u00f3 a Mayer"},"content":{"rendered":"<h3><a href=\"http:\/\/www.cordobatimes.com\/deportes\/wp-content\/uploads\/2015\/02\/Monaco.jpg\"><img loading=\"lazy\" decoding=\"async\" class=\"size-full wp-image-27472 aligncenter\" alt=\"Monaco\" src=\"http:\/\/www.cordobatimes.com\/deportes\/wp-content\/uploads\/2015\/02\/Monaco.jpg\" width=\"620\" height=\"413\" data-id=\"27472\" srcset=\"https:\/\/www.cordobatimes.com\/deportes\/wp-content\/uploads\/2015\/02\/Monaco.jpg 620w, https:\/\/www.cordobatimes.com\/deportes\/wp-content\/uploads\/2015\/02\/Monaco-300x199.jpg 300w\" sizes=\"auto, (max-width: 620px) 100vw, 620px\" \/><\/a><\/h3>\n<h3>El tandilense se sac\u00f3 la bronca por quedar fuera del equipo de Copa Davis\u00a0con una gran victoria ante\u00a0el n\u00famero uno argentino, Leo Mayer, por un doble 6-4. En cuartos de final lo espera el uruguayo Cuevas.<\/h3>\n<p>&nbsp;<\/p>\n<p>Juan M\u00f3naco\u00a0ya hab\u00eda manifestado que se sab\u00eda fuera del equipo de Copa Davis, incluso antes de que Daniel Orsanic diera la lista definitiva. Por eso no sorprendi\u00f3\u00a0su festejo por la victoria ante Leonardo Mayer\u00a0en los octavos de final del ATP 250 de Buenos Aires, con el capit\u00e1n viendo todo desde las tribunas.<\/p>\n<p>Pico, 60\u00b0 en el ranking ATP,\u00a0domin\u00f3 el partido desde el inicio y en pocas ocasiones le dio la oportunidad al Yacar\u00e9 (29\u00b0)\u00a0de equiparar las acciones. Certero en su servicio (gan\u00f3 el 84% de los puntos con su primer saque)\u00a0y oportuno para aprovechar sus chances, el tandilense\u00a0supo contrarrestar la potencia de su rival y termin\u00f3 celebrando una gran victoria por doble 6-4 ante el argentino de mejor ranking de la actualidad.<\/p>\n<p>No ser\u00e1 consuelo\u00a0para M\u00f3naco, que el fin de semana que viene no estar\u00e1 en la serie de Copa Davis\u00a0ante Brasil. De todos modos, s\u00ed es un buen premio a su esfuerzo luego de un comienzo de a\u00f1o plagado de dudas. Ahora se ver\u00e1 las caras en cuartos de final ante el uruguayo Pablo Cuevas (24\u00b0), tercer preclasificado del torneo.<\/p>\n<p>Fuente: TyC Sports.<\/p>\n","protected":false},"excerpt":{"rendered":"<p>El tandilense se sac\u00f3 la bronca por quedar fuera del equipo de Copa Davis\u00a0con una gran victoria ante\u00a0el n\u00famero uno argentino, Leo Mayer, por un doble 6-4. En cuartos de final lo espera el uruguayo Cuevas. &nbsp; Juan M\u00f3naco\u00a0ya hab\u00eda manifestado que se sab\u00eda fuera del equipo de Copa Davis, incluso antes de que Daniel [&hellip;]<\/p>\n","protected":false},"author":2,"featured_media":27472,"comment_status":"closed","ping_status":"closed","sticky":false,"template":"","format":"standard","meta":{"_seopress_robots_primary_cat":"","_seopress_titles_title":"","_seopress_titles_desc":"","_seopress_robots_index":"","footnotes":""},"categories":[4],"tags":[202,3686,627,1528,1410,5559],"class_list":["post-27471","post","type-post","status-publish","format-standard","has-post-thumbnail","hentry","category-tenis","tag-atp","tag-buenos-aires","tag-copa-davis","tag-mayer","tag-monaco","tag-tenis"],"_links":{"self":[{"href":"https:\/\/www.cordobatimes.com\/deportes\/wp-json\/wp\/v2\/posts\/27471","targetHints":{"allow":["GET"]}}],"collection":[{"href":"https:\/\/www.cordobatimes.com\/deportes\/wp-json\/wp\/v2\/posts"}],"about":[{"href":"https:\/\/www.cordobatimes.com\/deportes\/wp-json\/wp\/v2\/types\/post"}],"author":[{"embeddable":true,"href":"https:\/\/www.cordobatimes.com\/deportes\/wp-json\/wp\/v2\/users\/2"}],"replies":[{"embeddable":true,"href":"https:\/\/www.cordobatimes.com\/deportes\/wp-json\/wp\/v2\/comments?post=27471"}],"version-history":[{"count":0,"href":"https:\/\/www.cordobatimes.com\/deportes\/wp-json\/wp\/v2\/posts\/27471\/revisions"}],"wp:featuredmedia":[{"embeddable":true,"href":"https:\/\/www.cordobatimes.com\/deportes\/wp-json\/wp\/v2\/media\/27472"}],"wp:attachment":[{"href":"https:\/\/www.cordobatimes.com\/deportes\/wp-json\/wp\/v2\/media?parent=27471"}],"wp:term":[{"taxonomy":"category","embeddable":true,"href":"https:\/\/www.cordobatimes.com\/deportes\/wp-json\/wp\/v2\/categories?post=27471"},{"taxonomy":"post_tag","embeddable":true,"href":"https:\/\/www.cordobatimes.com\/deportes\/wp-json\/wp\/v2\/tags?post=27471"}],"curies":[{"name":"wp","href":"https:\/\/api.w.org\/{rel}","templated":true}]}}