{"id":27446,"date":"2015-02-25T09:31:52","date_gmt":"2015-02-25T12:31:52","guid":{"rendered":"http:\/\/www.cordobatimes.com\/deportes\/?p=27446"},"modified":"2015-02-25T11:47:56","modified_gmt":"2015-02-25T14:47:56","slug":"cuando-se-jugara-la-supercopa-entre-river-y-huracan","status":"publish","type":"post","link":"https:\/\/www.cordobatimes.com\/deportes\/futbol\/2015\/02\/25\/cuando-se-jugara-la-supercopa-entre-river-y-huracan\/","title":{"rendered":"\u00bfCu\u00e1ndo se jugar\u00e1 la Supercopa entre River y Hurac\u00e1n?"},"content":{"rendered":"<h3 style=\"text-align: justify;\"><strong><a href=\"http:\/\/www.cordobatimes.com\/deportes\/wp-content\/uploads\/2015\/02\/River-Hurac\u00e1n.jpg\"><img loading=\"lazy\" decoding=\"async\" class=\"size-full wp-image-27447 aligncenter\" alt=\"River-Hurac\u00e1n\" src=\"http:\/\/www.cordobatimes.com\/deportes\/wp-content\/uploads\/2015\/02\/River-Hurac\u00e1n.jpg\" width=\"670\" height=\"400\" data-id=\"27447\" srcset=\"https:\/\/www.cordobatimes.com\/deportes\/wp-content\/uploads\/2015\/02\/River-Hurac\u00e1n.jpg 670w, https:\/\/www.cordobatimes.com\/deportes\/wp-content\/uploads\/2015\/02\/River-Hurac\u00e1n-300x179.jpg 300w\" sizes=\"auto, (max-width: 670px) 100vw, 670px\" \/><\/a><\/strong><\/h3>\n<h3 style=\"text-align: justify;\"><strong>Desde el Comit\u00e9 Ejecutivo de AFA confirmaron la fecha del duelo para el 25 de abril, d\u00eda en el que no habr\u00e1 f\u00fatbol local por las elecciones en la ciudad de Buenos Aires.<\/strong><\/h3>\n<p>&nbsp;<\/p>\n<p style=\"text-align: justify;\">La sede del encuentro que medir\u00e1 al Globo, campe\u00f3n de \u00a0la Copa Argentina ante River, el &#8220;Supercampe\u00f3n&#8221; del 2014, ser\u00e1 el Estadio Bicentenario de San Juan, aprovechando que no habr\u00e1 fecha de la Primera Divisi\u00f3n.<\/p>\n<p style=\"text-align: justify;\">Pese a que todo indica que el partido comenzar\u00e1 a las 22, aun resta la \u00faltima palabra que ser\u00e1 dictaminada por la Asociaci\u00f3n del F\u00fatbol Argentino m\u00e1s cerca de la fecha.<\/p>\n","protected":false},"excerpt":{"rendered":"<p>Desde el Comit\u00e9 Ejecutivo de AFA confirmaron la fecha del duelo para el 25 de abril, d\u00eda en el que no habr\u00e1 f\u00fatbol local por las elecciones en la ciudad de Buenos Aires. &nbsp; La sede del encuentro que medir\u00e1 al Globo, campe\u00f3n de \u00a0la Copa Argentina ante River, el &#8220;Supercampe\u00f3n&#8221; del 2014, ser\u00e1 el [&hellip;]<\/p>\n","protected":false},"author":2,"featured_media":27447,"comment_status":"closed","ping_status":"closed","sticky":false,"template":"","format":"standard","meta":{"_seopress_robots_primary_cat":"","_seopress_titles_title":"","_seopress_titles_desc":"","_seopress_robots_index":"","footnotes":""},"categories":[2],"tags":[33,5084,3661,2214,5083],"class_list":["post-27446","post","type-post","status-publish","format-standard","has-post-thumbnail","hentry","category-futbol","tag-afa","tag-estadio-bicentenario","tag-river-huracan","tag-san-juan","tag-supercopa-argentina"],"_links":{"self":[{"href":"https:\/\/www.cordobatimes.com\/deportes\/wp-json\/wp\/v2\/posts\/27446","targetHints":{"allow":["GET"]}}],"collection":[{"href":"https:\/\/www.cordobatimes.com\/deportes\/wp-json\/wp\/v2\/posts"}],"about":[{"href":"https:\/\/www.cordobatimes.com\/deportes\/wp-json\/wp\/v2\/types\/post"}],"author":[{"embeddable":true,"href":"https:\/\/www.cordobatimes.com\/deportes\/wp-json\/wp\/v2\/users\/2"}],"replies":[{"embeddable":true,"href":"https:\/\/www.cordobatimes.com\/deportes\/wp-json\/wp\/v2\/comments?post=27446"}],"version-history":[{"count":0,"href":"https:\/\/www.cordobatimes.com\/deportes\/wp-json\/wp\/v2\/posts\/27446\/revisions"}],"wp:featuredmedia":[{"embeddable":true,"href":"https:\/\/www.cordobatimes.com\/deportes\/wp-json\/wp\/v2\/media\/27447"}],"wp:attachment":[{"href":"https:\/\/www.cordobatimes.com\/deportes\/wp-json\/wp\/v2\/media?parent=27446"}],"wp:term":[{"taxonomy":"category","embeddable":true,"href":"https:\/\/www.cordobatimes.com\/deportes\/wp-json\/wp\/v2\/categories?post=27446"},{"taxonomy":"post_tag","embeddable":true,"href":"https:\/\/www.cordobatimes.com\/deportes\/wp-json\/wp\/v2\/tags?post=27446"}],"curies":[{"name":"wp","href":"https:\/\/api.w.org\/{rel}","templated":true}]}}