{"id":27415,"date":"2015-02-24T21:16:23","date_gmt":"2015-02-25T00:16:23","guid":{"rendered":"http:\/\/www.cordobatimes.com\/deportes\/?p=27415"},"modified":"2015-02-24T21:16:23","modified_gmt":"2015-02-25T00:16:23","slug":"nadal-volvio-a-jugar-el-torneo-de-buenos-aires-tras-10-anos","status":"publish","type":"post","link":"https:\/\/www.cordobatimes.com\/deportes\/tenis\/2015\/02\/24\/nadal-volvio-a-jugar-el-torneo-de-buenos-aires-tras-10-anos\/","title":{"rendered":"Nadal volvi\u00f3 a jugar el Torneo de Buenos Aires tras 10 a\u00f1os"},"content":{"rendered":"<p style=\"text-align: center;\"><a href=\"http:\/\/www.cordobatimes.com\/deportes\/wp-content\/uploads\/2015\/02\/ATP.jpg\"><img loading=\"lazy\" decoding=\"async\" class=\"size-full wp-image-27416 aligncenter\" alt=\"ATP\" src=\"http:\/\/www.cordobatimes.com\/deportes\/wp-content\/uploads\/2015\/02\/ATP.jpg\" width=\"960\" height=\"640\" data-id=\"27416\" srcset=\"https:\/\/www.cordobatimes.com\/deportes\/wp-content\/uploads\/2015\/02\/ATP.jpg 960w, https:\/\/www.cordobatimes.com\/deportes\/wp-content\/uploads\/2015\/02\/ATP-300x200.jpg 300w\" sizes=\"auto, (max-width: 960px) 100vw, 960px\" \/><\/a><\/p>\n<h3 style=\"text-align: justify;\">Junto a M\u00f3naco, vencieron a los checos Veseley y Cermak por 4-6, 7-5 y 10-7. De esta manera avanzaron a la segunda ronda en dobles.<\/h3>\n<p style=\"text-align: justify;\">\n<p style=\"text-align: justify;\">Esta tarde Rafael Nadal volvi\u00f3 a participar del ATP 250 de Buenos Aires luego de 10 a\u00f1os. Y lo hizo con un triunfo, junto a Juan M\u00f3naco, en la especialidad de dobles. El a\u00f1o pasado estuvo a punto de jugarlo, aunque por una lesi\u00f3n en su espalda debi\u00f3 darse de baja.<\/p>\n<p style=\"text-align: justify;\">El espa\u00f1ol y el argentino se impusieron a la dura pareja checa compuesta por Frantisek Cermak y Jiri Vesely, cuartos pre clasificados, por 4-6, 7-5 y 10-7, luego de una hora y media de partido.<\/p>\n<p style=\"text-align: justify;\">Rafa y Pico estuvieron 3-5 abajo en el segundo, pero gracias al apoyo de la gente pudieron darlo vuelvo terminaron avanzando a la pr\u00f3xima instancia, donde se enfrentaran con la pareja argentina conformada por Federico Delbonis y Andr\u00e9s Molteni. El espa\u00f1ol debutar\u00e1 ma\u00f1ana en singles,donde se medir\u00e1 ante el cordob\u00e9s Facundo Arguello.<\/p>\n<p style=\"text-align: justify;\">&#8220;Volver aqu\u00ed a un torneo con tanta historia es un honor. Lo \u00fanico que puedo hacer es agradecer a la organizaci\u00f3n por todo lo que intent\u00f3 para traerme a\u00f1o tras a\u00f1o. Y estar ac\u00e1 me motiva. Juego contra un p\u00fablico especialista del tenis&#8221;, dijo Rafa, apenas finaliz\u00f3 el partido.<\/p>\n","protected":false},"excerpt":{"rendered":"<p>Junto a M\u00f3naco, vencieron a los checos Veseley y Cermak por 4-6, 7-5 y 10-7. De esta manera avanzaron a la segunda ronda en dobles. Esta tarde Rafael Nadal volvi\u00f3 a participar del ATP 250 de Buenos Aires luego de 10 a\u00f1os. Y lo hizo con un triunfo, junto a Juan M\u00f3naco, en la especialidad [&hellip;]<\/p>\n","protected":false},"author":15,"featured_media":27416,"comment_status":"closed","ping_status":"closed","sticky":false,"template":"","format":"standard","meta":{"_seopress_robots_primary_cat":"","_seopress_titles_title":"","_seopress_titles_desc":"","_seopress_robots_index":"","footnotes":""},"categories":[4],"tags":[202,3686,1081,433],"class_list":["post-27415","post","type-post","status-publish","format-standard","has-post-thumbnail","hentry","category-tenis","tag-atp","tag-buenos-aires","tag-juan-monaco","tag-rafael-nadal"],"_links":{"self":[{"href":"https:\/\/www.cordobatimes.com\/deportes\/wp-json\/wp\/v2\/posts\/27415","targetHints":{"allow":["GET"]}}],"collection":[{"href":"https:\/\/www.cordobatimes.com\/deportes\/wp-json\/wp\/v2\/posts"}],"about":[{"href":"https:\/\/www.cordobatimes.com\/deportes\/wp-json\/wp\/v2\/types\/post"}],"author":[{"embeddable":true,"href":"https:\/\/www.cordobatimes.com\/deportes\/wp-json\/wp\/v2\/users\/15"}],"replies":[{"embeddable":true,"href":"https:\/\/www.cordobatimes.com\/deportes\/wp-json\/wp\/v2\/comments?post=27415"}],"version-history":[{"count":0,"href":"https:\/\/www.cordobatimes.com\/deportes\/wp-json\/wp\/v2\/posts\/27415\/revisions"}],"wp:featuredmedia":[{"embeddable":true,"href":"https:\/\/www.cordobatimes.com\/deportes\/wp-json\/wp\/v2\/media\/27416"}],"wp:attachment":[{"href":"https:\/\/www.cordobatimes.com\/deportes\/wp-json\/wp\/v2\/media?parent=27415"}],"wp:term":[{"taxonomy":"category","embeddable":true,"href":"https:\/\/www.cordobatimes.com\/deportes\/wp-json\/wp\/v2\/categories?post=27415"},{"taxonomy":"post_tag","embeddable":true,"href":"https:\/\/www.cordobatimes.com\/deportes\/wp-json\/wp\/v2\/tags?post=27415"}],"curies":[{"name":"wp","href":"https:\/\/api.w.org\/{rel}","templated":true}]}}