{"id":27412,"date":"2015-02-24T21:04:46","date_gmt":"2015-02-25T00:04:46","guid":{"rendered":"http:\/\/www.cordobatimes.com\/deportes\/?p=27412"},"modified":"2015-02-24T21:04:46","modified_gmt":"2015-02-25T00:04:46","slug":"tevez-marco-en-la-victoria-de-la-juventus","status":"publish","type":"post","link":"https:\/\/www.cordobatimes.com\/deportes\/futbol-internacional\/2015\/02\/24\/tevez-marco-en-la-victoria-de-la-juventus\/","title":{"rendered":"T\u00e9vez marc\u00f3 en la victoria de la Juventus"},"content":{"rendered":"<p style=\"text-align: center;\"><a href=\"http:\/\/www.cordobatimes.com\/deportes\/wp-content\/uploads\/2015\/02\/Tevez.jpg\"><img loading=\"lazy\" decoding=\"async\" class=\"size-full wp-image-27413 aligncenter\" alt=\"Tevez\" src=\"http:\/\/www.cordobatimes.com\/deportes\/wp-content\/uploads\/2015\/02\/Tevez.jpg\" width=\"1000\" height=\"560\" data-id=\"27413\" srcset=\"https:\/\/www.cordobatimes.com\/deportes\/wp-content\/uploads\/2015\/02\/Tevez.jpg 1000w, https:\/\/www.cordobatimes.com\/deportes\/wp-content\/uploads\/2015\/02\/Tevez-300x168.jpg 300w\" sizes=\"auto, (max-width: 1000px) 100vw, 1000px\" \/><\/a><\/p>\n<h3 style=\"text-align: justify;\">El Apache anot\u00f3 el primer tanto de la Vecchia Signoria, que venci\u00f3 por 2-1 al Borussia Dortmund en los octavos de final de la Liga de Campeones.<\/h3>\n<p style=\"text-align: justify;\">\n<p style=\"text-align: justify;\">Juventus derrot\u00f3 al siempre dif\u00edcil Borussia Dortmund alem\u00e1n por 2 a 1, en el encuentro de ida de los octavos de final de la Champions League. El encuentro se disputo en la ciudad de Torino, Italia.<\/p>\n<p style=\"text-align: justify;\">Carlos T\u00e9vez abri\u00f3 el marcador del conjunto de Tur\u00edn a los 12 minutos de la primera mitad. En tanto, Marco Reus puso el empate seis minutos m\u00e1s tarde, tras un error de la defensa local. Por \u00faltimo, a los 42 de la etapa inicial, \u00c1lvaro Morata le dio el triunfo a la Juve.<\/p>\n<p style=\"text-align: justify;\">Cabe destacar que a los 39 minutos del primer tiempo ingres\u00f3 el tucumano Roberto Pereyra, ex River, en reemplaz\u00f3 de Andrea Pirlo, que se retir\u00f3 lesionado. La vuelta ser\u00e1 en Alemania, el mi\u00e9rcoles 18 de marzo.<\/p>\n<h3>El gol de Carlitos<\/h3>\n<p><iframe loading=\"lazy\" src=\"https:\/\/vine.co\/v\/OQYzKIFLbim\/embed\/simple\" height=\"600\" width=\"600\" frameborder=\"0\" scrolling=\"\"><\/iframe><\/p>\n<p>&nbsp;<\/p>\n","protected":false},"excerpt":{"rendered":"<p>El Apache anot\u00f3 el primer tanto de la Vecchia Signoria, que venci\u00f3 por 2-1 al Borussia Dortmund en los octavos de final de la Liga de Campeones. Juventus derrot\u00f3 al siempre dif\u00edcil Borussia Dortmund alem\u00e1n por 2 a 1, en el encuentro de ida de los octavos de final de la Champions League. El encuentro [&hellip;]<\/p>\n","protected":false},"author":15,"featured_media":27413,"comment_status":"closed","ping_status":"closed","sticky":false,"template":"","format":"standard","meta":{"_seopress_robots_primary_cat":"","_seopress_titles_title":"","_seopress_titles_desc":"","_seopress_robots_index":"","footnotes":""},"categories":[18],"tags":[362,192,191],"class_list":["post-27412","post","type-post","status-publish","format-standard","has-post-thumbnail","hentry","category-futbol-internacional","tag-champions-league","tag-juventus","tag-tevez"],"_links":{"self":[{"href":"https:\/\/www.cordobatimes.com\/deportes\/wp-json\/wp\/v2\/posts\/27412","targetHints":{"allow":["GET"]}}],"collection":[{"href":"https:\/\/www.cordobatimes.com\/deportes\/wp-json\/wp\/v2\/posts"}],"about":[{"href":"https:\/\/www.cordobatimes.com\/deportes\/wp-json\/wp\/v2\/types\/post"}],"author":[{"embeddable":true,"href":"https:\/\/www.cordobatimes.com\/deportes\/wp-json\/wp\/v2\/users\/15"}],"replies":[{"embeddable":true,"href":"https:\/\/www.cordobatimes.com\/deportes\/wp-json\/wp\/v2\/comments?post=27412"}],"version-history":[{"count":0,"href":"https:\/\/www.cordobatimes.com\/deportes\/wp-json\/wp\/v2\/posts\/27412\/revisions"}],"wp:featuredmedia":[{"embeddable":true,"href":"https:\/\/www.cordobatimes.com\/deportes\/wp-json\/wp\/v2\/media\/27413"}],"wp:attachment":[{"href":"https:\/\/www.cordobatimes.com\/deportes\/wp-json\/wp\/v2\/media?parent=27412"}],"wp:term":[{"taxonomy":"category","embeddable":true,"href":"https:\/\/www.cordobatimes.com\/deportes\/wp-json\/wp\/v2\/categories?post=27412"},{"taxonomy":"post_tag","embeddable":true,"href":"https:\/\/www.cordobatimes.com\/deportes\/wp-json\/wp\/v2\/tags?post=27412"}],"curies":[{"name":"wp","href":"https:\/\/api.w.org\/{rel}","templated":true}]}}