{"id":27369,"date":"2015-02-23T11:42:51","date_gmt":"2015-02-23T14:42:51","guid":{"rendered":"http:\/\/www.cordobatimes.com\/deportes\/?p=27369"},"modified":"2019-04-26T04:57:37","modified_gmt":"2019-04-26T07:57:37","slug":"divertida-charla-por-skype-entre-zabaleta-y-mascherano","status":"publish","type":"post","link":"https:\/\/www.cordobatimes.com\/deportes\/futbol-internacional\/2015\/02\/23\/divertida-charla-por-skype-entre-zabaleta-y-mascherano\/","title":{"rendered":"Divertida charla por Skype entre Zabaleta y Mascherano"},"content":{"rendered":"<h3 style=\"text-align: justify;\"><strong>Los dos jugadores de la Selecci\u00f3n Argentina dialogaron a trav\u00e9s del celular en la previa del duelo por Champions entre Manchester City y Barcelona. No te pierdas el video.<\/strong><\/h3>\n<p style=\"text-align: justify;\">Compa\u00f1eros en el combinado albiceleste, la relaci\u00f3n entre ambos parece ser muy buena, por no decir excelente. La iniciativa fue llevada a cabo por el \u00e1rea de prensa del club ingl\u00e9s, como una forma de unir a las instituciones antes del partido que animar\u00e1n por la Liga de Campeones.<\/p>\n<p style=\"text-align: justify;\">Las im\u00e1genes:<\/p>\n<p>\u00a0<iframe loading=\"lazy\" src=\"https:\/\/www.youtube.com\/embed\/tsuI9WSAIug\" width=\"420\" height=\"315\" frameborder=\"0\" allowfullscreen=\"allowfullscreen\"><\/iframe><\/p>\n","protected":false},"excerpt":{"rendered":"<p>Los dos jugadores de la Selecci\u00f3n Argentina dialogaron a trav\u00e9s del celular en la previa del duelo por Champions entre Manchester City y Barcelona. No te pierdas el video. Compa\u00f1eros en el combinado albiceleste, la relaci\u00f3n entre ambos parece ser muy buena, por no decir excelente. La iniciativa fue llevada a cabo por el \u00e1rea [&hellip;]<\/p>\n","protected":false},"author":2,"featured_media":27370,"comment_status":"closed","ping_status":"closed","sticky":false,"template":"","format":"standard","meta":{"_seopress_robots_primary_cat":"none","_seopress_titles_title":"","_seopress_titles_desc":"","_seopress_robots_index":"","footnotes":""},"categories":[18],"tags":[67,362,153,1847,5068,157],"class_list":["post-27369","post","type-post","status-publish","format-standard","has-post-thumbnail","hentry","category-futbol-internacional","tag-barcelona","tag-champions-league","tag-manchester-city","tag-mascherano","tag-skype","tag-zabaleta"],"_links":{"self":[{"href":"https:\/\/www.cordobatimes.com\/deportes\/wp-json\/wp\/v2\/posts\/27369","targetHints":{"allow":["GET"]}}],"collection":[{"href":"https:\/\/www.cordobatimes.com\/deportes\/wp-json\/wp\/v2\/posts"}],"about":[{"href":"https:\/\/www.cordobatimes.com\/deportes\/wp-json\/wp\/v2\/types\/post"}],"author":[{"embeddable":true,"href":"https:\/\/www.cordobatimes.com\/deportes\/wp-json\/wp\/v2\/users\/2"}],"replies":[{"embeddable":true,"href":"https:\/\/www.cordobatimes.com\/deportes\/wp-json\/wp\/v2\/comments?post=27369"}],"version-history":[{"count":0,"href":"https:\/\/www.cordobatimes.com\/deportes\/wp-json\/wp\/v2\/posts\/27369\/revisions"}],"wp:featuredmedia":[{"embeddable":true,"href":"https:\/\/www.cordobatimes.com\/deportes\/wp-json\/wp\/v2\/media\/27370"}],"wp:attachment":[{"href":"https:\/\/www.cordobatimes.com\/deportes\/wp-json\/wp\/v2\/media?parent=27369"}],"wp:term":[{"taxonomy":"category","embeddable":true,"href":"https:\/\/www.cordobatimes.com\/deportes\/wp-json\/wp\/v2\/categories?post=27369"},{"taxonomy":"post_tag","embeddable":true,"href":"https:\/\/www.cordobatimes.com\/deportes\/wp-json\/wp\/v2\/tags?post=27369"}],"curies":[{"name":"wp","href":"https:\/\/api.w.org\/{rel}","templated":true}]}}