{"id":27360,"date":"2015-02-23T20:00:02","date_gmt":"2015-02-23T23:00:02","guid":{"rendered":"http:\/\/www.cordobatimes.com\/deportes\/?p=27360"},"modified":"2015-02-23T21:27:52","modified_gmt":"2015-02-24T00:27:52","slug":"belgrano-y-lanus-no-se-sacaron-ventajas","status":"publish","type":"post","link":"https:\/\/www.cordobatimes.com\/deportes\/futbol\/2015\/02\/23\/belgrano-y-lanus-no-se-sacaron-ventajas\/","title":{"rendered":"Belgrano y Lan\u00fas no se sacaron ventajas"},"content":{"rendered":"<h3><\/h3>\n<h3 style=\"text-align: justify;\"><a href=\"http:\/\/www.cordobatimes.com\/deportes\/wp-content\/uploads\/2015\/02\/Belgrano5.jpg\"><img loading=\"lazy\" decoding=\"async\" class=\"size-full wp-image-27384 aligncenter\" alt=\"Belgrano\" src=\"http:\/\/www.cordobatimes.com\/deportes\/wp-content\/uploads\/2015\/02\/Belgrano5.jpg\" width=\"1000\" height=\"560\" data-id=\"27384\" srcset=\"https:\/\/www.cordobatimes.com\/deportes\/wp-content\/uploads\/2015\/02\/Belgrano5.jpg 1000w, https:\/\/www.cordobatimes.com\/deportes\/wp-content\/uploads\/2015\/02\/Belgrano5-300x168.jpg 300w\" sizes=\"auto, (max-width: 1000px) 100vw, 1000px\" \/><\/a><\/h3>\n<h3 style=\"text-align: justify;\"><b>Piratas y Granates igualaron sin goles en la Fortaleza y as\u00ed no pudieron trepar a lo m\u00e1s alto en el cierre de la segunda fecha. Saravia fue expulsado en la B.<\/b><\/h3>\n<p style=\"text-align: justify;\">\n<p style=\"text-align: justify;\">\n<p style=\"text-align: justify;\">Belgrano se trajo un empate de Lan\u00fas al igualar 0-0 en el marco de la segunda fecha del torneo de Primera Divisi\u00f3n. Ambos conjuntos debutaron la semana pasada con victorias y hoy no pudieron alcanzar la punta. Se jug\u00f3 en el estadio N\u00e9stor D\u00edaz P\u00e9rez.<\/p>\n<p style=\"text-align: justify;\">El conjunto local jug\u00f3 mejor y peg\u00f3 tres tiros a los palos a trav\u00e9s de Santiago Silva, Lucas Melano (surgido en Belgrano), y Nicol\u00e1s Aguirre. En tanto, lo de Ricardo Zielinski terminaron nuevamente con diez debido a la expulsi\u00f3n, en el complemento, del defensor Renzo Saravia por doble amarilla.<\/p>\n<p style=\"text-align: justify;\">Adem\u00e1s, el \u00e1rbitro Dar\u00edo Herrera no cobr\u00f3 un claro penal para Lan\u00fas cuando el defensor Sergio Escudero le sac\u00f3 con la mano la pelota de la cabeza a Silva dentro del \u00e1rea. De esta manera, fue un empate con sabor a poco ya que ninguno pudo sumar puntaje ideal y as\u00ed alcanzar a San Lorenzo, Rosario Central y V\u00e9lez.<\/p>\n<h3 style=\"text-align: justify;\"><strong>\u00a0<\/strong><\/h3>\n","protected":false},"excerpt":{"rendered":"<p>Piratas y Granates igualaron sin goles en la Fortaleza y as\u00ed no pudieron trepar a lo m\u00e1s alto en el cierre de la segunda fecha. Saravia fue expulsado en la B. Belgrano se trajo un empate de Lan\u00fas al igualar 0-0 en el marco de la segunda fecha del torneo de Primera Divisi\u00f3n. Ambos conjuntos [&hellip;]<\/p>\n","protected":false},"author":15,"featured_media":27384,"comment_status":"closed","ping_status":"closed","sticky":false,"template":"","format":"standard","meta":{"_seopress_robots_primary_cat":"","_seopress_titles_title":"","_seopress_titles_desc":"","_seopress_robots_index":"","footnotes":""},"categories":[2],"tags":[33,3767],"class_list":["post-27360","post","type-post","status-publish","format-standard","has-post-thumbnail","hentry","category-futbol","tag-afa","tag-belgrano-lanus"],"_links":{"self":[{"href":"https:\/\/www.cordobatimes.com\/deportes\/wp-json\/wp\/v2\/posts\/27360","targetHints":{"allow":["GET"]}}],"collection":[{"href":"https:\/\/www.cordobatimes.com\/deportes\/wp-json\/wp\/v2\/posts"}],"about":[{"href":"https:\/\/www.cordobatimes.com\/deportes\/wp-json\/wp\/v2\/types\/post"}],"author":[{"embeddable":true,"href":"https:\/\/www.cordobatimes.com\/deportes\/wp-json\/wp\/v2\/users\/15"}],"replies":[{"embeddable":true,"href":"https:\/\/www.cordobatimes.com\/deportes\/wp-json\/wp\/v2\/comments?post=27360"}],"version-history":[{"count":0,"href":"https:\/\/www.cordobatimes.com\/deportes\/wp-json\/wp\/v2\/posts\/27360\/revisions"}],"wp:featuredmedia":[{"embeddable":true,"href":"https:\/\/www.cordobatimes.com\/deportes\/wp-json\/wp\/v2\/media\/27384"}],"wp:attachment":[{"href":"https:\/\/www.cordobatimes.com\/deportes\/wp-json\/wp\/v2\/media?parent=27360"}],"wp:term":[{"taxonomy":"category","embeddable":true,"href":"https:\/\/www.cordobatimes.com\/deportes\/wp-json\/wp\/v2\/categories?post=27360"},{"taxonomy":"post_tag","embeddable":true,"href":"https:\/\/www.cordobatimes.com\/deportes\/wp-json\/wp\/v2\/tags?post=27360"}],"curies":[{"name":"wp","href":"https:\/\/api.w.org\/{rel}","templated":true}]}}