{"id":27272,"date":"2015-02-19T12:37:09","date_gmt":"2015-02-19T15:37:09","guid":{"rendered":"http:\/\/www.cordobatimes.com\/deportes\/?p=27272"},"modified":"2019-04-02T20:07:52","modified_gmt":"2019-04-02T23:07:52","slug":"aguero-y-villa-tuvieron-su-segundo-desafio","status":"publish","type":"post","link":"https:\/\/www.cordobatimes.com\/deportes\/futbol-internacional\/2015\/02\/19\/aguero-y-villa-tuvieron-su-segundo-desafio\/","title":{"rendered":"Ag\u00fcero y Villa tuvieron su segundo desaf\u00edo"},"content":{"rendered":"<h3 style=\"text-align: justify;\"><strong>Tras el empate a la hora de patear penales con los ojos vendados, los delanteros ten\u00edan ahora otro objetivo: pegarle al travesa\u00f1o. Esta vez, pese a estar muy parejos, hubo un ganador.<\/strong><\/h3>\n<p style=\"text-align: justify;\">Quien se qued\u00f3 con el triunfo por 4-2 fue el jugador argentino, al que le toc\u00f3 patear en segundo lugar. Ambos volvieron a divertirse y se halagaron durante el juego de entretenimiento propuesto por Manchester City.<\/p>\n<p style=\"text-align: justify;\">Mir\u00e1 las im\u00e1genes:<\/p>\n<p>\u00a0<iframe loading=\"lazy\" src=\"https:\/\/www.youtube.com\/embed\/jKLrIEMu9bQ\" width=\"560\" height=\"315\" frameborder=\"0\" allowfullscreen=\"allowfullscreen\"><\/iframe><\/p>\n","protected":false},"excerpt":{"rendered":"<p>Tras el empate a la hora de patear penales con los ojos vendados, los delanteros ten\u00edan ahora otro objetivo: pegarle al travesa\u00f1o. Esta vez, pese a estar muy parejos, hubo un ganador. Quien se qued\u00f3 con el triunfo por 4-2 fue el jugador argentino, al que le toc\u00f3 patear en segundo lugar. Ambos volvieron a [&hellip;]<\/p>\n","protected":false},"author":2,"featured_media":27273,"comment_status":"closed","ping_status":"closed","sticky":false,"template":"","format":"standard","meta":{"_seopress_robots_primary_cat":"none","_seopress_titles_title":"","_seopress_titles_desc":"","_seopress_robots_index":"","footnotes":""},"categories":[18],"tags":[223,5056,404,153,80],"class_list":["post-27272","post","type-post","status-publish","format-standard","has-post-thumbnail","hentry","category-futbol-internacional","tag-david-villa","tag-desafio","tag-kun-aguero","tag-manchester-city","tag-video"],"_links":{"self":[{"href":"https:\/\/www.cordobatimes.com\/deportes\/wp-json\/wp\/v2\/posts\/27272","targetHints":{"allow":["GET"]}}],"collection":[{"href":"https:\/\/www.cordobatimes.com\/deportes\/wp-json\/wp\/v2\/posts"}],"about":[{"href":"https:\/\/www.cordobatimes.com\/deportes\/wp-json\/wp\/v2\/types\/post"}],"author":[{"embeddable":true,"href":"https:\/\/www.cordobatimes.com\/deportes\/wp-json\/wp\/v2\/users\/2"}],"replies":[{"embeddable":true,"href":"https:\/\/www.cordobatimes.com\/deportes\/wp-json\/wp\/v2\/comments?post=27272"}],"version-history":[{"count":0,"href":"https:\/\/www.cordobatimes.com\/deportes\/wp-json\/wp\/v2\/posts\/27272\/revisions"}],"wp:featuredmedia":[{"embeddable":true,"href":"https:\/\/www.cordobatimes.com\/deportes\/wp-json\/wp\/v2\/media\/27273"}],"wp:attachment":[{"href":"https:\/\/www.cordobatimes.com\/deportes\/wp-json\/wp\/v2\/media?parent=27272"}],"wp:term":[{"taxonomy":"category","embeddable":true,"href":"https:\/\/www.cordobatimes.com\/deportes\/wp-json\/wp\/v2\/categories?post=27272"},{"taxonomy":"post_tag","embeddable":true,"href":"https:\/\/www.cordobatimes.com\/deportes\/wp-json\/wp\/v2\/tags?post=27272"}],"curies":[{"name":"wp","href":"https:\/\/api.w.org\/{rel}","templated":true}]}}