{"id":27263,"date":"2015-02-19T11:45:26","date_gmt":"2015-02-19T14:45:26","guid":{"rendered":"http:\/\/www.cordobatimes.com\/deportes\/?p=27263"},"modified":"2015-02-19T12:20:47","modified_gmt":"2015-02-19T15:20:47","slug":"corinthians-anoto-un-verdadero-golazo-ante-san-pablo","status":"publish","type":"post","link":"https:\/\/www.cordobatimes.com\/deportes\/futbol-internacional\/2015\/02\/19\/corinthians-anoto-un-verdadero-golazo-ante-san-pablo\/","title":{"rendered":"Corinthians anot\u00f3 un verdadero golazo ante San Pablo"},"content":{"rendered":"<h3><strong><a href=\"http:\/\/www.cordobatimes.com\/deportes\/wp-content\/uploads\/2015\/02\/Corinthians-Elias.jpg\"><img loading=\"lazy\" decoding=\"async\" class=\"size-full wp-image-27264 aligncenter\" alt=\"Corinthians Elias\" src=\"http:\/\/www.cordobatimes.com\/deportes\/wp-content\/uploads\/2015\/02\/Corinthians-Elias.jpg\" width=\"622\" height=\"350\" data-id=\"27264\" srcset=\"https:\/\/www.cordobatimes.com\/deportes\/wp-content\/uploads\/2015\/02\/Corinthians-Elias.jpg 622w, https:\/\/www.cordobatimes.com\/deportes\/wp-content\/uploads\/2015\/02\/Corinthians-Elias-300x168.jpg 300w\" sizes=\"auto, (max-width: 622px) 100vw, 622px\" \/><\/a><\/strong><\/h3>\n<h3 style=\"text-align: justify;\"><strong>Por la primera fecha del grupo 2 de la Copa Libertadores, el Timao gan\u00f3 2-0 sobre su coterr\u00e1neo, con una conquista exquisita de Elias. Los dos ser\u00e1n rivales de <span style=\"color: #0000ff;\"><a title=\"En Uruguay, San Lorenzo comienza la defensa del t\u00edtulo\" href=\"http:\/\/www.cordobatimes.com\/deportes\/destacadas\/2015\/02\/19\/en-uruguay-san-lorenzo-comienza-la-defensa-del-titulo\/\"><span style=\"color: #0000ff;\">San Lorenzo, que hoy debuta ante Danubio<\/span><\/a><\/span>. VIDEO.<\/strong><\/h3>\n<p style=\"text-align: justify;\">\n<p style=\"text-align: justify;\">Corinthians demostr\u00f3 que tiene todo para ser uno de los candidatos a quedarse con el t\u00edtulo del certamen continental, o al menos llegar a las instancias decisivas.<\/p>\n<p style=\"text-align: justify;\">El 2-0 final que consigui\u00f3 equipo de Tit\u00e9 lleg\u00f3 a los 11` del primer tiempo, gracias a una excelente jugada combinada entre tres jugadores, que El\u00edas termin\u00f3 definiendo de aire y con su pierna derecha. Luego, Jadson ampli\u00f3 a los 22` del complemento, en un resultado que pudo haber sido aun m\u00e1s abultado.<\/p>\n<p style=\"text-align: justify;\">Mir\u00e1 el tanto del 1-0:<\/p>\n<p><iframe loading=\"lazy\" src=\"https:\/\/www.youtube.com\/embed\/jCcklvmDn8M\" height=\"315\" width=\"560\" allowfullscreen=\"\" frameborder=\"0\"><\/iframe><\/p>\n","protected":false},"excerpt":{"rendered":"<p>Por la primera fecha del grupo 2 de la Copa Libertadores, el Timao gan\u00f3 2-0 sobre su coterr\u00e1neo, con una conquista exquisita de Elias. Los dos ser\u00e1n rivales de San Lorenzo, que hoy debuta ante Danubio. VIDEO. Corinthians demostr\u00f3 que tiene todo para ser uno de los candidatos a quedarse con el t\u00edtulo del certamen [&hellip;]<\/p>\n","protected":false},"author":2,"featured_media":27264,"comment_status":"closed","ping_status":"closed","sticky":false,"template":"","format":"standard","meta":{"_seopress_robots_primary_cat":"","_seopress_titles_title":"","_seopress_titles_desc":"","_seopress_robots_index":"","footnotes":""},"categories":[18],"tags":[219,5054,5055,459,80],"class_list":["post-27263","post","type-post","status-publish","format-standard","has-post-thumbnail","hentry","category-futbol-internacional","tag-copa-libertadores-2","tag-corinthians","tag-golazo-de-elias","tag-san-pablo","tag-video"],"_links":{"self":[{"href":"https:\/\/www.cordobatimes.com\/deportes\/wp-json\/wp\/v2\/posts\/27263","targetHints":{"allow":["GET"]}}],"collection":[{"href":"https:\/\/www.cordobatimes.com\/deportes\/wp-json\/wp\/v2\/posts"}],"about":[{"href":"https:\/\/www.cordobatimes.com\/deportes\/wp-json\/wp\/v2\/types\/post"}],"author":[{"embeddable":true,"href":"https:\/\/www.cordobatimes.com\/deportes\/wp-json\/wp\/v2\/users\/2"}],"replies":[{"embeddable":true,"href":"https:\/\/www.cordobatimes.com\/deportes\/wp-json\/wp\/v2\/comments?post=27263"}],"version-history":[{"count":0,"href":"https:\/\/www.cordobatimes.com\/deportes\/wp-json\/wp\/v2\/posts\/27263\/revisions"}],"wp:featuredmedia":[{"embeddable":true,"href":"https:\/\/www.cordobatimes.com\/deportes\/wp-json\/wp\/v2\/media\/27264"}],"wp:attachment":[{"href":"https:\/\/www.cordobatimes.com\/deportes\/wp-json\/wp\/v2\/media?parent=27263"}],"wp:term":[{"taxonomy":"category","embeddable":true,"href":"https:\/\/www.cordobatimes.com\/deportes\/wp-json\/wp\/v2\/categories?post=27263"},{"taxonomy":"post_tag","embeddable":true,"href":"https:\/\/www.cordobatimes.com\/deportes\/wp-json\/wp\/v2\/tags?post=27263"}],"curies":[{"name":"wp","href":"https:\/\/api.w.org\/{rel}","templated":true}]}}