{"id":27254,"date":"2015-02-19T11:33:24","date_gmt":"2015-02-19T14:33:24","guid":{"rendered":"http:\/\/www.cordobatimes.com\/deportes\/?p=27254"},"modified":"2015-02-19T12:08:41","modified_gmt":"2015-02-19T15:08:41","slug":"asi-se-jugara-la-segunda-fecha-del-torneo-de-30-equipos","status":"publish","type":"post","link":"https:\/\/www.cordobatimes.com\/deportes\/futbol\/2015\/02\/19\/asi-se-jugara-la-segunda-fecha-del-torneo-de-30-equipos\/","title":{"rendered":"As\u00ed se jugar\u00e1 la segunda fecha del Torneo de 30 equipos"},"content":{"rendered":"<h3><strong><a href=\"http:\/\/www.cordobatimes.com\/deportes\/wp-content\/uploads\/2015\/02\/Lanus-Belgrano.jpg\"><img loading=\"lazy\" decoding=\"async\" class=\"size-full wp-image-27256 aligncenter\" alt=\"Lanus-Belgrano\" src=\"http:\/\/www.cordobatimes.com\/deportes\/wp-content\/uploads\/2015\/02\/Lanus-Belgrano.jpg\" width=\"630\" height=\"442\" data-id=\"27256\" srcset=\"https:\/\/www.cordobatimes.com\/deportes\/wp-content\/uploads\/2015\/02\/Lanus-Belgrano.jpg 630w, https:\/\/www.cordobatimes.com\/deportes\/wp-content\/uploads\/2015\/02\/Lanus-Belgrano-300x210.jpg 300w\" sizes=\"auto, (max-width: 630px) 100vw, 630px\" \/><\/a><\/strong><\/h3>\n<h3><strong>Luego de algunas modificaciones, como ya es costumbre, el Comit\u00e9 Ejecutivo de AFA confirm\u00f3 la programaci\u00f3n para el fin de semana en la Primera Divisi\u00f3n. Independiente, que iba el viernes, finalmente jugar\u00e1 el domingo. Belgrano visitar\u00e1 a Lan\u00fas el lunes, desde las 18.\u00a0<\/strong><\/h3>\n<p>&nbsp;<\/p>\n<p>Pas\u00f3 la jornada inicial y ya se viene la segunda. Habr\u00e1 un partido el viernes, seis el s\u00e1bado, igual cantidad el domingo y dos el lunes.<\/p>\n<p>Dentro de los m\u00e1s destacados aparecen River-Quilmes, Temperley-Boca y, para los cordobeses, el duelo entre Lan\u00fas y Belgrano, a disputarse en la cancha del Granate.<\/p>\n<h2>Esta es la programaci\u00f3n completa:<\/h2>\n<p><i><b>Viernes 20:<\/b><\/i><\/p>\n<p>21.10: Rafaela-Banfield (Germ\u00e1n Delfino)<\/p>\n<p><i><b>S\u00e1bado 21:<\/b><\/i><\/p>\n<p>17.00\u00a0Hurac\u00e1n\u00a0&#8211;\u00a0Arsenal\u00a0(Silvio Trucco)<\/p>\n<p>17.15\u00a0Estudiantes\u00a0&#8211;\u00a0Godoy Cruz\u00a0(Pablo D\u00edaz)<\/p>\n<p>19.15\u00a0Rosario Central\u00a0&#8211;\u00a0Tigre\u00a0(Diego Ceballos)<\/p>\n<p>19.15 San Mart\u00edn-Gimnasia (Sergio Pezzotta)<\/p>\n<p>20.00\u00a0Olimpo\u00a0&#8211;\u00a0Racing\u00a0(Diego Abal)<\/p>\n<p>20.30\u00a0V\u00e9lez\u00a0&#8211;\u00a0Crucero del Norte\u00a0(Sa\u00fal Laverni)<\/p>\n<p><i><b>Domingo 22:<\/b><\/i><\/p>\n<p>17.00\u00a0Aldosivi\u00a0&#8211;\u00a0Newell&#8217;s Old Boys\u00a0(Patricio Loustau)<\/p>\n<p>17.00\u00a0Independiente\u00a0&#8211;\u00a0Sarmiento\u00a0(Federico Beligoy)<\/p>\n<p>17.00\u00a0Nueva Chicago\u00a0&#8211;\u00a0Uni\u00f3n\u00a0(Pedro Arga\u00f1araz)<\/p>\n<p>18.15\u00a0River\u00a0&#8211;\u00a0Quilmes\u00a0(Mauro Vigliano)<\/p>\n<p>19.10\u00a0Col\u00f3n\u00a0&#8211;\u00a0Argentinos\u00a0(Juan Pablo Pompei)<\/p>\n<p>21.30 Temperley-Boca (Fernando Rapallini)<\/p>\n<p><i><b>Lunes 23:<\/b><\/i><\/p>\n<p>18.00\u00a0Lan\u00fas\u00a0&#8211;\u00a0Belgrano\u00a0(Dar\u00edo Herrera)<\/p>\n<p>21.10\u00a0Defensa\u00a0&#8211;\u00a0San Lorenzo\u00a0(Fernando Echenique)<\/p>\n","protected":false},"excerpt":{"rendered":"<p>Luego de algunas modificaciones, como ya es costumbre, el Comit\u00e9 Ejecutivo de AFA confirm\u00f3 la programaci\u00f3n para el fin de semana en la Primera Divisi\u00f3n. Independiente, que iba el viernes, finalmente jugar\u00e1 el domingo. Belgrano visitar\u00e1 a Lan\u00fas el lunes, desde las 18.\u00a0 &nbsp; Pas\u00f3 la jornada inicial y ya se viene la segunda. Habr\u00e1 [&hellip;]<\/p>\n","protected":false},"author":2,"featured_media":27256,"comment_status":"closed","ping_status":"closed","sticky":false,"template":"","format":"standard","meta":{"_seopress_robots_primary_cat":"","_seopress_titles_title":"","_seopress_titles_desc":"","_seopress_robots_index":"","footnotes":""},"categories":[2,16],"tags":[33,482,3966,5051,5050,4670],"class_list":["post-27254","post","type-post","status-publish","format-standard","has-post-thumbnail","hentry","category-futbol","category-primera-division","tag-afa","tag-arbitros","tag-comite-ejecutivo","tag-programacion","tag-segunda-fecha","tag-torneo-de-30-equipos"],"_links":{"self":[{"href":"https:\/\/www.cordobatimes.com\/deportes\/wp-json\/wp\/v2\/posts\/27254","targetHints":{"allow":["GET"]}}],"collection":[{"href":"https:\/\/www.cordobatimes.com\/deportes\/wp-json\/wp\/v2\/posts"}],"about":[{"href":"https:\/\/www.cordobatimes.com\/deportes\/wp-json\/wp\/v2\/types\/post"}],"author":[{"embeddable":true,"href":"https:\/\/www.cordobatimes.com\/deportes\/wp-json\/wp\/v2\/users\/2"}],"replies":[{"embeddable":true,"href":"https:\/\/www.cordobatimes.com\/deportes\/wp-json\/wp\/v2\/comments?post=27254"}],"version-history":[{"count":0,"href":"https:\/\/www.cordobatimes.com\/deportes\/wp-json\/wp\/v2\/posts\/27254\/revisions"}],"wp:featuredmedia":[{"embeddable":true,"href":"https:\/\/www.cordobatimes.com\/deportes\/wp-json\/wp\/v2\/media\/27256"}],"wp:attachment":[{"href":"https:\/\/www.cordobatimes.com\/deportes\/wp-json\/wp\/v2\/media?parent=27254"}],"wp:term":[{"taxonomy":"category","embeddable":true,"href":"https:\/\/www.cordobatimes.com\/deportes\/wp-json\/wp\/v2\/categories?post=27254"},{"taxonomy":"post_tag","embeddable":true,"href":"https:\/\/www.cordobatimes.com\/deportes\/wp-json\/wp\/v2\/tags?post=27254"}],"curies":[{"name":"wp","href":"https:\/\/api.w.org\/{rel}","templated":true}]}}