{"id":26809,"date":"2015-02-02T16:22:00","date_gmt":"2015-02-02T19:22:00","guid":{"rendered":"http:\/\/www.cordobatimes.com\/deportes\/?p=26809"},"modified":"2015-02-02T16:22:00","modified_gmt":"2015-02-02T19:22:00","slug":"mira-la-nueva-camiseta-de-la-seleccion-argentina-para-la-copa-america","status":"publish","type":"post","link":"https:\/\/www.cordobatimes.com\/deportes\/futbol\/2015\/02\/02\/mira-la-nueva-camiseta-de-la-seleccion-argentina-para-la-copa-america\/","title":{"rendered":"Mira la nueva camiseta de la Selecci\u00f3n Argentina para la Copa Am\u00e9rica"},"content":{"rendered":"<p style=\"text-align: center;\"><a href=\"http:\/\/www.cordobatimes.com\/deportes\/wp-content\/uploads\/2015\/02\/Deja-que-hablen.png\"><img loading=\"lazy\" decoding=\"async\" class=\"size-full wp-image-26810 aligncenter\" alt=\"Deja que hablen\" src=\"http:\/\/www.cordobatimes.com\/deportes\/wp-content\/uploads\/2015\/02\/Deja-que-hablen.png\" width=\"600\" height=\"300\" data-id=\"26810\" srcset=\"https:\/\/www.cordobatimes.com\/deportes\/wp-content\/uploads\/2015\/02\/Deja-que-hablen.png 600w, https:\/\/www.cordobatimes.com\/deportes\/wp-content\/uploads\/2015\/02\/Deja-que-hablen-300x150.png 300w\" sizes=\"auto, (max-width: 600px) 100vw, 600px\" \/><\/a><\/p>\n<h3 style=\"text-align: justify;\">La Argentina tendr\u00e1 un nuevo modelo inspirado en el Mundial de Italia 1990. La utilizar\u00e1 para el m\u00e1ximo certamen continental.<\/h3>\n<p style=\"text-align: justify;\">\n<p style=\"text-align: justify;\">El seleccionado nacional dio a conocer la nueva camiseta que usar\u00e1 para la pr\u00f3xima Copa Am\u00e9rica. Dicho certamen se disputar\u00e1 en Chile a partir de junio. En la misma puede observarse un notable parecido con la utilizada en el Mundial de Italia 1990.<\/p>\n<p style=\"text-align: center;\"><a href=\"http:\/\/www.cordobatimes.com\/deportes\/wp-content\/uploads\/2015\/02\/Argentina.jpg\"><img loading=\"lazy\" decoding=\"async\" class=\"size-full wp-image-26811 aligncenter\" alt=\"Argentina\" src=\"http:\/\/www.cordobatimes.com\/deportes\/wp-content\/uploads\/2015\/02\/Argentina.jpg\" width=\"600\" height=\"800\" data-id=\"26811\" srcset=\"https:\/\/www.cordobatimes.com\/deportes\/wp-content\/uploads\/2015\/02\/Argentina.jpg 600w, https:\/\/www.cordobatimes.com\/deportes\/wp-content\/uploads\/2015\/02\/Argentina-225x300.jpg 225w\" sizes=\"auto, (max-width: 600px) 100vw, 600px\" \/><\/a><\/p>\n<p style=\"text-align: justify;\">Como cambio m\u00e1s notable respecto a la que se us\u00f3 en el Mundial de Brasil 2014, Adidas realiz\u00f3 un modelo que tiene el cuello y las tres tiras de color blanco (antes eran negros).<\/p>\n","protected":false},"excerpt":{"rendered":"<p>La Argentina tendr\u00e1 un nuevo modelo inspirado en el Mundial de Italia 1990. La utilizar\u00e1 para el m\u00e1ximo certamen continental. El seleccionado nacional dio a conocer la nueva camiseta que usar\u00e1 para la pr\u00f3xima Copa Am\u00e9rica. Dicho certamen se disputar\u00e1 en Chile a partir de junio. En la misma puede observarse un notable parecido con [&hellip;]<\/p>\n","protected":false},"author":15,"featured_media":26810,"comment_status":"closed","ping_status":"closed","sticky":false,"template":"","format":"standard","meta":{"_seopress_robots_primary_cat":"","_seopress_titles_title":"","_seopress_titles_desc":"","_seopress_robots_index":"","footnotes":""},"categories":[2],"tags":[33,572,542],"class_list":["post-26809","post","type-post","status-publish","format-standard","has-post-thumbnail","hentry","category-futbol","tag-afa","tag-camiseta","tag-seleccion-argentina"],"_links":{"self":[{"href":"https:\/\/www.cordobatimes.com\/deportes\/wp-json\/wp\/v2\/posts\/26809","targetHints":{"allow":["GET"]}}],"collection":[{"href":"https:\/\/www.cordobatimes.com\/deportes\/wp-json\/wp\/v2\/posts"}],"about":[{"href":"https:\/\/www.cordobatimes.com\/deportes\/wp-json\/wp\/v2\/types\/post"}],"author":[{"embeddable":true,"href":"https:\/\/www.cordobatimes.com\/deportes\/wp-json\/wp\/v2\/users\/15"}],"replies":[{"embeddable":true,"href":"https:\/\/www.cordobatimes.com\/deportes\/wp-json\/wp\/v2\/comments?post=26809"}],"version-history":[{"count":0,"href":"https:\/\/www.cordobatimes.com\/deportes\/wp-json\/wp\/v2\/posts\/26809\/revisions"}],"wp:featuredmedia":[{"embeddable":true,"href":"https:\/\/www.cordobatimes.com\/deportes\/wp-json\/wp\/v2\/media\/26810"}],"wp:attachment":[{"href":"https:\/\/www.cordobatimes.com\/deportes\/wp-json\/wp\/v2\/media?parent=26809"}],"wp:term":[{"taxonomy":"category","embeddable":true,"href":"https:\/\/www.cordobatimes.com\/deportes\/wp-json\/wp\/v2\/categories?post=26809"},{"taxonomy":"post_tag","embeddable":true,"href":"https:\/\/www.cordobatimes.com\/deportes\/wp-json\/wp\/v2\/tags?post=26809"}],"curies":[{"name":"wp","href":"https:\/\/api.w.org\/{rel}","templated":true}]}}