{"id":26744,"date":"2015-01-31T13:32:33","date_gmt":"2015-01-31T16:32:33","guid":{"rendered":"http:\/\/www.cordobatimes.com\/deportes\/?p=26744"},"modified":"2015-01-31T13:32:33","modified_gmt":"2015-01-31T16:32:33","slug":"hauche-anoto-sus-dos-primeros-goles-en-mexico","status":"publish","type":"post","link":"https:\/\/www.cordobatimes.com\/deportes\/futbol-internacional\/2015\/01\/31\/hauche-anoto-sus-dos-primeros-goles-en-mexico\/","title":{"rendered":"Hauche anot\u00f3 sus dos primeros goles en M\u00e9xico"},"content":{"rendered":"<h3><strong><a href=\"http:\/\/www.cordobatimes.com\/deportes\/wp-content\/uploads\/2015\/01\/Hauche.jpg\"><img loading=\"lazy\" decoding=\"async\" class=\"size-full wp-image-26745 aligncenter\" alt=\"Hauche\" src=\"http:\/\/www.cordobatimes.com\/deportes\/wp-content\/uploads\/2015\/01\/Hauche.jpg\" width=\"630\" height=\"320\" data-id=\"26745\" srcset=\"https:\/\/www.cordobatimes.com\/deportes\/wp-content\/uploads\/2015\/01\/Hauche.jpg 630w, https:\/\/www.cordobatimes.com\/deportes\/wp-content\/uploads\/2015\/01\/Hauche-300x152.jpg 300w\" sizes=\"auto, (max-width: 630px) 100vw, 630px\" \/><\/a><\/strong><\/h3>\n<h3 style=\"text-align: justify;\"><strong>El ex delantero de Racing, recientemente transferido, tuvo un partido so\u00f1ado y marc\u00f3 por duplicado para el triunfo de su equipo, Tijuana, sobre Morelia. VIDEO.<\/strong><\/h3>\n<p style=\"text-align: justify;\">\n<p style=\"text-align: justify;\">Fue una de las piezas claves en la Academia campeona despu\u00e9s de 13 a\u00f1os. As\u00ed, por la puerta grande, se fue Gabriel Hauche al f\u00fatbol azteca.<\/p>\n<p style=\"text-align: justify;\">En sus pocos partidos con el nuevo club, empez\u00f3 a demostrar su calidad y aport\u00f3 dos tantos para la victoria por 4-2 de Tijuana sobre Morelia. As\u00ed, los del &#8220;Demonio&#8221; se treparon a la cima de las posiciones.<\/p>\n<p style=\"text-align: justify;\">Las conquistas de Hauche:<\/p>\n<p>\u00a0<iframe loading=\"lazy\" src=\"https:\/\/www.youtube.com\/embed\/A31ZGZChQbI\" height=\"315\" width=\"560\" allowfullscreen=\"\" frameborder=\"0\"><\/iframe><\/p>\n","protected":false},"excerpt":{"rendered":"<p>El ex delantero de Racing, recientemente transferido, tuvo un partido so\u00f1ado y marc\u00f3 por duplicado para el triunfo de su equipo, Tijuana, sobre Morelia. VIDEO. Fue una de las piezas claves en la Academia campeona despu\u00e9s de 13 a\u00f1os. As\u00ed, por la puerta grande, se fue Gabriel Hauche al f\u00fatbol azteca. En sus pocos partidos [&hellip;]<\/p>\n","protected":false},"author":2,"featured_media":26745,"comment_status":"closed","ping_status":"closed","sticky":false,"template":"","format":"standard","meta":{"_seopress_robots_primary_cat":"","_seopress_titles_title":"","_seopress_titles_desc":"","_seopress_robots_index":"","footnotes":""},"categories":[18],"tags":[3743,604,76,3800,106,4980,80],"class_list":["post-26744","post","type-post","status-publish","format-standard","has-post-thumbnail","hentry","category-futbol-internacional","tag-gabriel-hauche","tag-mexico","tag-goles","tag-morelia","tag-racing","tag-tijuana","tag-video"],"_links":{"self":[{"href":"https:\/\/www.cordobatimes.com\/deportes\/wp-json\/wp\/v2\/posts\/26744","targetHints":{"allow":["GET"]}}],"collection":[{"href":"https:\/\/www.cordobatimes.com\/deportes\/wp-json\/wp\/v2\/posts"}],"about":[{"href":"https:\/\/www.cordobatimes.com\/deportes\/wp-json\/wp\/v2\/types\/post"}],"author":[{"embeddable":true,"href":"https:\/\/www.cordobatimes.com\/deportes\/wp-json\/wp\/v2\/users\/2"}],"replies":[{"embeddable":true,"href":"https:\/\/www.cordobatimes.com\/deportes\/wp-json\/wp\/v2\/comments?post=26744"}],"version-history":[{"count":0,"href":"https:\/\/www.cordobatimes.com\/deportes\/wp-json\/wp\/v2\/posts\/26744\/revisions"}],"wp:featuredmedia":[{"embeddable":true,"href":"https:\/\/www.cordobatimes.com\/deportes\/wp-json\/wp\/v2\/media\/26745"}],"wp:attachment":[{"href":"https:\/\/www.cordobatimes.com\/deportes\/wp-json\/wp\/v2\/media?parent=26744"}],"wp:term":[{"taxonomy":"category","embeddable":true,"href":"https:\/\/www.cordobatimes.com\/deportes\/wp-json\/wp\/v2\/categories?post=26744"},{"taxonomy":"post_tag","embeddable":true,"href":"https:\/\/www.cordobatimes.com\/deportes\/wp-json\/wp\/v2\/tags?post=26744"}],"curies":[{"name":"wp","href":"https:\/\/api.w.org\/{rel}","templated":true}]}}