{"id":26599,"date":"2015-01-28T00:30:54","date_gmt":"2015-01-28T03:30:54","guid":{"rendered":"http:\/\/www.cordobatimes.com\/deportes\/?p=26599"},"modified":"2015-01-28T11:36:19","modified_gmt":"2015-01-28T14:36:19","slug":"con-poco-de-scola-los-pacers-volvieron-a-perder","status":"publish","type":"post","link":"https:\/\/www.cordobatimes.com\/deportes\/basquet\/2015\/01\/28\/con-poco-de-scola-los-pacers-volvieron-a-perder\/","title":{"rendered":"Con poco de Scola, los Pacers volvieron a perder"},"content":{"rendered":"<h3 style=\"text-align: left;\"><b><a href=\"http:\/\/www.cordobatimes.com\/deportes\/wp-content\/uploads\/2014\/12\/Scola.png\"><img loading=\"lazy\" decoding=\"async\" class=\"size-full wp-image-25269 aligncenter\" alt=\"Scola\" src=\"http:\/\/www.cordobatimes.com\/deportes\/wp-content\/uploads\/2014\/12\/Scola.png\" width=\"610\" height=\"400\" data-id=\"25269\" srcset=\"https:\/\/www.cordobatimes.com\/deportes\/wp-content\/uploads\/2014\/12\/Scola.png 610w, https:\/\/www.cordobatimes.com\/deportes\/wp-content\/uploads\/2014\/12\/Scola-300x196.png 300w\" sizes=\"auto, (max-width: 610px) 100vw, 610px\" \/><\/a><\/b><\/h3>\n<h3 style=\"text-align: left;\"><b>Indiana cay\u00f3 como local ante Toronto por 104 a 91 y contin\u00faa su andar irregular. Luifa s\u00f3lo encest\u00f3 dos puntos.<\/b><\/h3>\n<p>&nbsp;<\/p>\n<p style=\"text-align: justify;\">En una nueva jornada de la temporada 2014\/2015 de la NBA, los Indiana Pacers sucumbieron con los Toronto Raptors por 104-91. De esta manera quedaron con una racha de 16 victorias y 31 derrotas.<\/p>\n<p style=\"text-align: justify;\">Luis Scola estuvo en cancha apenas 12 minutos, tiempo en el cual anot\u00f3 dos unidades (1-4 en dobles), bajo cinco rebotes, entreg\u00f3 una asistencia, propin\u00f3 un robo, perdi\u00f3 dos balones y cometi\u00f3 una falta.<\/p>\n<p style=\"text-align: justify;\">DeMar Rozan, de los Toronto, fue el goleador del encuentro con 24 puntos, mientras que en Indiana el m\u00e1ximo anotador fue Rodney Stuckey con 22 tantos.<\/p>\n<p><iframe loading=\"lazy\" src=\"\/\/www.youtube.com\/embed\/oRpcA6_sQxA\" height=\"315\" width=\"560\" allowfullscreen=\"\" frameborder=\"0\"><\/iframe><\/p>\n","protected":false},"excerpt":{"rendered":"<p>Indiana cay\u00f3 como local ante Toronto por 104 a 91 y contin\u00faa su andar irregular. Luifa s\u00f3lo encest\u00f3 dos puntos. &nbsp; En una nueva jornada de la temporada 2014\/2015 de la NBA, los Indiana Pacers sucumbieron con los Toronto Raptors por 104-91. De esta manera quedaron con una racha de 16 victorias y 31 derrotas. [&hellip;]<\/p>\n","protected":false},"author":15,"featured_media":25269,"comment_status":"closed","ping_status":"closed","sticky":false,"template":"","format":"standard","meta":{"_seopress_robots_primary_cat":"","_seopress_titles_title":"","_seopress_titles_desc":"","_seopress_robots_index":"","footnotes":""},"categories":[3],"tags":[171,989,1570,138],"class_list":["post-26599","post","type-post","status-publish","format-standard","has-post-thumbnail","hentry","category-basquet","tag-basquet-2","tag-indiana-pacers","tag-luis-scola","tag-nba"],"_links":{"self":[{"href":"https:\/\/www.cordobatimes.com\/deportes\/wp-json\/wp\/v2\/posts\/26599","targetHints":{"allow":["GET"]}}],"collection":[{"href":"https:\/\/www.cordobatimes.com\/deportes\/wp-json\/wp\/v2\/posts"}],"about":[{"href":"https:\/\/www.cordobatimes.com\/deportes\/wp-json\/wp\/v2\/types\/post"}],"author":[{"embeddable":true,"href":"https:\/\/www.cordobatimes.com\/deportes\/wp-json\/wp\/v2\/users\/15"}],"replies":[{"embeddable":true,"href":"https:\/\/www.cordobatimes.com\/deportes\/wp-json\/wp\/v2\/comments?post=26599"}],"version-history":[{"count":0,"href":"https:\/\/www.cordobatimes.com\/deportes\/wp-json\/wp\/v2\/posts\/26599\/revisions"}],"wp:featuredmedia":[{"embeddable":true,"href":"https:\/\/www.cordobatimes.com\/deportes\/wp-json\/wp\/v2\/media\/25269"}],"wp:attachment":[{"href":"https:\/\/www.cordobatimes.com\/deportes\/wp-json\/wp\/v2\/media?parent=26599"}],"wp:term":[{"taxonomy":"category","embeddable":true,"href":"https:\/\/www.cordobatimes.com\/deportes\/wp-json\/wp\/v2\/categories?post=26599"},{"taxonomy":"post_tag","embeddable":true,"href":"https:\/\/www.cordobatimes.com\/deportes\/wp-json\/wp\/v2\/tags?post=26599"}],"curies":[{"name":"wp","href":"https:\/\/api.w.org\/{rel}","templated":true}]}}