{"id":26513,"date":"2015-01-25T21:48:41","date_gmt":"2015-01-26T00:48:41","guid":{"rendered":"http:\/\/www.cordobatimes.com\/deportes\/?p=26513"},"modified":"2015-01-26T11:40:33","modified_gmt":"2015-01-26T14:40:33","slug":"riquelme-anuncio-su-retiro-del-futbol","status":"publish","type":"post","link":"https:\/\/www.cordobatimes.com\/deportes\/futbol\/2015\/01\/25\/riquelme-anuncio-su-retiro-del-futbol\/","title":{"rendered":"Riquelme anunci\u00f3 su retiro del f\u00fatbol"},"content":{"rendered":"<h3><strong><a href=\"http:\/\/www.cordobatimes.com\/deportes\/wp-content\/uploads\/2015\/01\/Riquelme.jpg\"><img loading=\"lazy\" decoding=\"async\" class=\"size-full wp-image-26514 aligncenter\" alt=\"Riquelme\" src=\"http:\/\/www.cordobatimes.com\/deportes\/wp-content\/uploads\/2015\/01\/Riquelme.jpg\" width=\"640\" height=\"400\" data-id=\"26514\" srcset=\"https:\/\/www.cordobatimes.com\/deportes\/wp-content\/uploads\/2015\/01\/Riquelme.jpg 640w, https:\/\/www.cordobatimes.com\/deportes\/wp-content\/uploads\/2015\/01\/Riquelme-300x187.jpg 300w\" sizes=\"auto, (max-width: 640px) 100vw, 640px\" \/><\/a><\/strong><\/h3>\n<h3><strong>Uno de los \u00eddolos m\u00e1ximos de Boca, de \u00faltimo semestre en Argentinos Juniors, comunic\u00f3 que tom\u00f3 la decisi\u00f3n de no seguir jugando de manera profesional. Entre sus frases m\u00e1s destacadas, dijo que &#8220;Maradona fue mejor que Messi&#8221; y que seguir\u00e1 yendo a la cancha del Xeneize.<\/strong><\/h3>\n<p>&nbsp;<\/p>\n<p>&#8220;Para m\u00ed es un d\u00eda importante, en el cual he tomado la decisi\u00f3n de no jugar m\u00e1s al f\u00fatbol, he sido claro despu\u00e9s de ascender con Argentinos. Yo ten\u00eda claro que para seguir jugando a la pelota ten\u00eda que ser algo que me interese. Me pareci\u00f3 lo mejor tomarlo con calma y comunicar que no voy a jugar m\u00e1s&#8221;. A los 36 a\u00f1os,\u00a0Juan Rom\u00e1n Riquelme\u00a0comunic\u00f3 en una entrevista con Sportscenter que colg\u00f3 los botines.<\/p>\n<p>Algunas de sus frases m\u00e1s importantes:<\/p>\n<p>. &#8220;Despu\u00e9s de ascender con Argentinos y ganar todo con Boca, me pareci\u00f3 que dejar el f\u00fatbol era lo mejor&#8221;<\/p>\n<p>. &#8220;Ser\u00e9 hincha, ir\u00e9 a cancha de Boca, se nos escapar\u00e1 alguna puteada y ojal\u00e1 ganemos alg\u00fan t\u00edtulo &#8221;<\/p>\n<p>. &#8220;Es una maravilla saber que el hincha de Boca nunca me va a poder reprochar que no defin\u00ed los colores&#8221;<\/p>\n<p>. &#8220;He disfrutado de cada vez que me ha tocado jugar al f\u00fatbol. Jugar a la pelota es lo m\u00e1s lindo que hay&#8221;<\/p>\n<p>. &#8220;Cuando termine de disfrutar, arrancar\u00e9 a la preparaci\u00f3n del partido de despedida. Me da un poco de verg\u00fcenza&#8221;<\/p>\n<p>. &#8220;Pienso hacer un partido de despedida. Veremos cuanto lleva el trabajo de preparaci\u00f3n&#8221;<\/p>\n<p>. &#8220;Arranca una nueva vida, no se si ser\u00e1 alrededor del f\u00fatbol&#8221;<\/p>\n<p>. &#8220;Ojal\u00e1 que este semestre podamos disfrutar de Aimar. A los buenos jugadores hay que respetarlos&#8221;<\/p>\n<p>. &#8220;El jugador aprende de todos los entrenadores. Tuve la suerte de ser dirigido por entrenadores muy buenos&#8221;<\/p>\n<p>. &#8220;Para m\u00ed Maradona fue el mejor de la historia. Es \u00fanico. El show que hac\u00eda con la pelota no se lo vi a nadie. Como jugador de f\u00fatbol fue incre\u00edble. Para mi hijo, el mejor es Messi&#8221;<\/p>\n<p>. \u201cEl mejor del Boca actual es Carrizo. Y no lo digo por el partido de ayer.\u00a0Ojal\u00e1 que lo pongan\u201d.<\/p>\n<p>Fuente: La Naci\u00f3n y TyC Sports.<\/p>\n","protected":false},"excerpt":{"rendered":"<p>Uno de los \u00eddolos m\u00e1ximos de Boca, de \u00faltimo semestre en Argentinos Juniors, comunic\u00f3 que tom\u00f3 la decisi\u00f3n de no seguir jugando de manera profesional. Entre sus frases m\u00e1s destacadas, dijo que &#8220;Maradona fue mejor que Messi&#8221; y que seguir\u00e1 yendo a la cancha del Xeneize. &nbsp; &#8220;Para m\u00ed es un d\u00eda importante, en el [&hellip;]<\/p>\n","protected":false},"author":2,"featured_media":9796,"comment_status":"closed","ping_status":"closed","sticky":false,"template":"","format":"standard","meta":{"_seopress_robots_primary_cat":"","_seopress_titles_title":"","_seopress_titles_desc":"","_seopress_robots_index":"","footnotes":""},"categories":[2],"tags":[33,52,1942,182],"class_list":["post-26513","post","type-post","status-publish","format-standard","has-post-thumbnail","hentry","category-futbol","tag-afa","tag-boca","tag-juan-roman-riquelme","tag-retiro-del-futbol"],"_links":{"self":[{"href":"https:\/\/www.cordobatimes.com\/deportes\/wp-json\/wp\/v2\/posts\/26513","targetHints":{"allow":["GET"]}}],"collection":[{"href":"https:\/\/www.cordobatimes.com\/deportes\/wp-json\/wp\/v2\/posts"}],"about":[{"href":"https:\/\/www.cordobatimes.com\/deportes\/wp-json\/wp\/v2\/types\/post"}],"author":[{"embeddable":true,"href":"https:\/\/www.cordobatimes.com\/deportes\/wp-json\/wp\/v2\/users\/2"}],"replies":[{"embeddable":true,"href":"https:\/\/www.cordobatimes.com\/deportes\/wp-json\/wp\/v2\/comments?post=26513"}],"version-history":[{"count":0,"href":"https:\/\/www.cordobatimes.com\/deportes\/wp-json\/wp\/v2\/posts\/26513\/revisions"}],"wp:featuredmedia":[{"embeddable":true,"href":"https:\/\/www.cordobatimes.com\/deportes\/wp-json\/wp\/v2\/media\/9796"}],"wp:attachment":[{"href":"https:\/\/www.cordobatimes.com\/deportes\/wp-json\/wp\/v2\/media?parent=26513"}],"wp:term":[{"taxonomy":"category","embeddable":true,"href":"https:\/\/www.cordobatimes.com\/deportes\/wp-json\/wp\/v2\/categories?post=26513"},{"taxonomy":"post_tag","embeddable":true,"href":"https:\/\/www.cordobatimes.com\/deportes\/wp-json\/wp\/v2\/tags?post=26513"}],"curies":[{"name":"wp","href":"https:\/\/api.w.org\/{rel}","templated":true}]}}