{"id":26484,"date":"2015-01-25T10:00:33","date_gmt":"2015-01-25T13:00:33","guid":{"rendered":"http:\/\/www.cordobatimes.com\/deportes\/?p=26484"},"modified":"2015-01-26T11:39:28","modified_gmt":"2015-01-26T14:39:28","slug":"river-y-boca-afrontan-el-primer-superclasico-del-ano","status":"publish","type":"post","link":"https:\/\/www.cordobatimes.com\/deportes\/futbol\/2015\/01\/25\/river-y-boca-afrontan-el-primer-superclasico-del-ano\/","title":{"rendered":"Boca se llev\u00f3 el primer supercl\u00e1sico del a\u00f1o"},"content":{"rendered":"<h3><strong><a href=\"http:\/\/www.cordobatimes.com\/deportes\/wp-content\/uploads\/2015\/01\/Boca1.jpg\"><img loading=\"lazy\" decoding=\"async\" class=\"size-full wp-image-26511 aligncenter\" alt=\"Boca\" src=\"http:\/\/www.cordobatimes.com\/deportes\/wp-content\/uploads\/2015\/01\/Boca1.jpg\" width=\"630\" height=\"354\" data-id=\"26511\" srcset=\"https:\/\/www.cordobatimes.com\/deportes\/wp-content\/uploads\/2015\/01\/Boca1.jpg 630w, https:\/\/www.cordobatimes.com\/deportes\/wp-content\/uploads\/2015\/01\/Boca1-300x168.jpg 300w\" sizes=\"auto, (max-width: 630px) 100vw, 630px\" \/><\/a><\/strong><\/h3>\n<h3><strong>Con suplentes, el equipo de Arruabarrena super\u00f3 1-0 a River y cort\u00f3 una racha de ocho partidos sin ganarle a su cl\u00e1sico rival. El \u00fanico gol lo anot\u00f3 el juvenil Cristaldo. Cubas, Vangioni y Maidana fueron expulsados por Pitana.<\/strong><\/h3>\n<p>&nbsp;<\/p>\n<p style=\"text-align: justify;\">El Jos\u00e9 Mar\u00eda Minella fue la sede para el primer supercl\u00e1sico del 2015 y luci\u00f3 totalmente repleto.\u00a0River, que no hab\u00eda perdido con los de la Ribera en todo el 2014 (invicto en 8 partidos) le dio rodaje al equipo que considera titular, con la novedad de Mat\u00edas Kranevitter como mediocampista central en lugar de Leonardo Ponzio.<\/p>\n<p style=\"text-align: justify;\">Boca, en tanto, preserv\u00f3 a su elenco ideal para el enfrentamiento ante V\u00e9lez del 28 de enero, donde los del Vasco definir\u00e1n su lugar en Copa Libertadores. Si ganan, entrar\u00e1n a la fase de grupos; si pierden, disputar\u00e1n el repechaje. De esta forma, el DT dispuso un 11 con relevos, en el que se destacaron el debut del arquero Guillermo Sara, la gran noche de Pablo P\u00e9rez y la presencia de Nicol\u00e1s Colazo, el \u00fanico habitualmente titular.<\/p>\n<p style=\"text-align: justify;\">El \u00fanico gol de la noche marplatense lleg\u00f3 a los 17 minutos, cuando Pablo P\u00e9rez habilit\u00f3 muy bien a Franco Cristaldo para que definiera bajo y a la derecha de Barovero. Previamente, hab\u00eda existido fuera de juego pero no fue sancionado por el asistente.<\/p>\n<p><iframe loading=\"lazy\" src=\"\/\/www.youtube.com\/embed\/7YNl3--aoAg\" height=\"315\" width=\"560\" allowfullscreen=\"\" frameborder=\"0\"><\/iframe><\/p>\n<h2><strong>FORMACIONES<\/strong><\/h2>\n<p><strong>River Plate:<\/strong>\u00a0Marcelo Barovero; Gabriel Mercado, Jonathan Maidana, Ramiro Funes Mori y Leonel Vangioni; Carlos S\u00e1nchez, Mat\u00edas Kranevitter y Ariel Rojas; Leonardo Pisculichi; Rodrigo Mora y Te\u00f3filo Guti\u00e9rrez. DT: Marcelo Gallardo.<\/p>\n<p><strong>Boca Juniors:<\/strong>\u00a0Guillermo Sara; Jos\u00e9 Fuenzalida, Claudio P\u00e9rez, Guillermo Burdisso y Nicol\u00e1s Colazo; Pablo P\u00e9rez, Adri\u00e1n Cubas y Franco Cristaldo; Cristian Pav\u00f3n, Emmanuel Gigliotti y Federico Carrizo. DT: Rodolfo Arruabarrena.<\/p>\n","protected":false},"excerpt":{"rendered":"<p>Con suplentes, el equipo de Arruabarrena super\u00f3 1-0 a River y cort\u00f3 una racha de ocho partidos sin ganarle a su cl\u00e1sico rival. El \u00fanico gol lo anot\u00f3 el juvenil Cristaldo. Cubas, Vangioni y Maidana fueron expulsados por Pitana. &nbsp; El Jos\u00e9 Mar\u00eda Minella fue la sede para el primer supercl\u00e1sico del 2015 y luci\u00f3 [&hellip;]<\/p>\n","protected":false},"author":2,"featured_media":26511,"comment_status":"closed","ping_status":"closed","sticky":false,"template":"","format":"standard","meta":{"_seopress_robots_primary_cat":"","_seopress_titles_title":"","_seopress_titles_desc":"","_seopress_robots_index":"","footnotes":""},"categories":[2],"tags":[52,1337,74,1444],"class_list":["post-26484","post","type-post","status-publish","format-standard","has-post-thumbnail","hentry","category-futbol","tag-boca","tag-mar-del-plata","tag-river","tag-superclasico-de-verano"],"_links":{"self":[{"href":"https:\/\/www.cordobatimes.com\/deportes\/wp-json\/wp\/v2\/posts\/26484","targetHints":{"allow":["GET"]}}],"collection":[{"href":"https:\/\/www.cordobatimes.com\/deportes\/wp-json\/wp\/v2\/posts"}],"about":[{"href":"https:\/\/www.cordobatimes.com\/deportes\/wp-json\/wp\/v2\/types\/post"}],"author":[{"embeddable":true,"href":"https:\/\/www.cordobatimes.com\/deportes\/wp-json\/wp\/v2\/users\/2"}],"replies":[{"embeddable":true,"href":"https:\/\/www.cordobatimes.com\/deportes\/wp-json\/wp\/v2\/comments?post=26484"}],"version-history":[{"count":0,"href":"https:\/\/www.cordobatimes.com\/deportes\/wp-json\/wp\/v2\/posts\/26484\/revisions"}],"wp:featuredmedia":[{"embeddable":true,"href":"https:\/\/www.cordobatimes.com\/deportes\/wp-json\/wp\/v2\/media\/26511"}],"wp:attachment":[{"href":"https:\/\/www.cordobatimes.com\/deportes\/wp-json\/wp\/v2\/media?parent=26484"}],"wp:term":[{"taxonomy":"category","embeddable":true,"href":"https:\/\/www.cordobatimes.com\/deportes\/wp-json\/wp\/v2\/categories?post=26484"},{"taxonomy":"post_tag","embeddable":true,"href":"https:\/\/www.cordobatimes.com\/deportes\/wp-json\/wp\/v2\/tags?post=26484"}],"curies":[{"name":"wp","href":"https:\/\/api.w.org\/{rel}","templated":true}]}}