{"id":26476,"date":"2015-01-23T21:56:26","date_gmt":"2015-01-24T00:56:26","guid":{"rendered":"http:\/\/www.cordobatimes.com\/deportes\/?p=26476"},"modified":"2015-01-24T12:03:33","modified_gmt":"2015-01-24T15:03:33","slug":"el-marsella-cayo-ante-el-niza-y-se-quedo-sin-punta","status":"publish","type":"post","link":"https:\/\/www.cordobatimes.com\/deportes\/futbol-internacional\/2015\/01\/23\/el-marsella-cayo-ante-el-niza-y-se-quedo-sin-punta\/","title":{"rendered":"Marsella cay\u00f3 ante Niza y se qued\u00f3 sin punta"},"content":{"rendered":"<p style=\"text-align: center;\"><a href=\"http:\/\/www.cordobatimes.com\/deportes\/wp-content\/uploads\/2015\/01\/bielsa.jpg\"><img loading=\"lazy\" decoding=\"async\" class=\"size-full wp-image-26477 aligncenter\" alt=\"bielsa\" src=\"http:\/\/www.cordobatimes.com\/deportes\/wp-content\/uploads\/2015\/01\/bielsa.jpg\" width=\"1000\" height=\"560\" data-id=\"26477\" srcset=\"https:\/\/www.cordobatimes.com\/deportes\/wp-content\/uploads\/2015\/01\/bielsa.jpg 1000w, https:\/\/www.cordobatimes.com\/deportes\/wp-content\/uploads\/2015\/01\/bielsa-300x168.jpg 300w\" sizes=\"auto, (max-width: 1000px) 100vw, 1000px\" \/><\/a><\/p>\n<h3 style=\"text-align: justify;\"><b>El conjunto de Marcelo Bielsa perdi\u00f3 por 2-1 con el Niza y dej\u00f3 escapar la oportunidad de ser l\u00edder.<\/b><\/h3>\n<p style=\"text-align: justify;\">\n<p style=\"text-align: justify;\">\n<p style=\"text-align: justify;\">En un partido v\u00e1lido por la vig\u00e9simo segunda fecha del torneo franc\u00e9s, el Olympique de Marsella, conducido por Marcelo Bielsa, cay\u00f3 en su visita al Niza por 2 a 1 y dejo escapar la chance de quedarse con la primera posici\u00f3n del certamen.<\/p>\n<p style=\"text-align: justify;\">Romain Genevois y Niklas Hult anotaron los goles del conjunto local, que adem\u00e1s finaliz\u00f3 con uno menos por la expulsi\u00f3n de Kevin Gomis. Para los del Loco, descont\u00f3 Florian Thauvin.<\/p>\n<p style=\"text-align: justify;\">Con este resultado, el Marsella qued\u00f3 con 44 unidades, un punto menos que el Olympique de Lyon, que jugar\u00e1 el domingo ante el Metz.<\/p>\n","protected":false},"excerpt":{"rendered":"<p>El conjunto de Marcelo Bielsa perdi\u00f3 por 2-1 con el Niza y dej\u00f3 escapar la oportunidad de ser l\u00edder. En un partido v\u00e1lido por la vig\u00e9simo segunda fecha del torneo franc\u00e9s, el Olympique de Marsella, conducido por Marcelo Bielsa, cay\u00f3 en su visita al Niza por 2 a 1 y dejo escapar la chance de [&hellip;]<\/p>\n","protected":false},"author":15,"featured_media":26477,"comment_status":"closed","ping_status":"closed","sticky":false,"template":"","format":"standard","meta":{"_seopress_robots_primary_cat":"","_seopress_titles_title":"","_seopress_titles_desc":"","_seopress_robots_index":"","footnotes":""},"categories":[18],"tags":[4938,3139,3340],"class_list":["post-26476","post","type-post","status-publish","format-standard","has-post-thumbnail","hentry","category-futbol-internacional","tag-league-1","tag-marcelo-bielsa","tag-olympique-de-marsella"],"_links":{"self":[{"href":"https:\/\/www.cordobatimes.com\/deportes\/wp-json\/wp\/v2\/posts\/26476","targetHints":{"allow":["GET"]}}],"collection":[{"href":"https:\/\/www.cordobatimes.com\/deportes\/wp-json\/wp\/v2\/posts"}],"about":[{"href":"https:\/\/www.cordobatimes.com\/deportes\/wp-json\/wp\/v2\/types\/post"}],"author":[{"embeddable":true,"href":"https:\/\/www.cordobatimes.com\/deportes\/wp-json\/wp\/v2\/users\/15"}],"replies":[{"embeddable":true,"href":"https:\/\/www.cordobatimes.com\/deportes\/wp-json\/wp\/v2\/comments?post=26476"}],"version-history":[{"count":0,"href":"https:\/\/www.cordobatimes.com\/deportes\/wp-json\/wp\/v2\/posts\/26476\/revisions"}],"wp:featuredmedia":[{"embeddable":true,"href":"https:\/\/www.cordobatimes.com\/deportes\/wp-json\/wp\/v2\/media\/26477"}],"wp:attachment":[{"href":"https:\/\/www.cordobatimes.com\/deportes\/wp-json\/wp\/v2\/media?parent=26476"}],"wp:term":[{"taxonomy":"category","embeddable":true,"href":"https:\/\/www.cordobatimes.com\/deportes\/wp-json\/wp\/v2\/categories?post=26476"},{"taxonomy":"post_tag","embeddable":true,"href":"https:\/\/www.cordobatimes.com\/deportes\/wp-json\/wp\/v2\/tags?post=26476"}],"curies":[{"name":"wp","href":"https:\/\/api.w.org\/{rel}","templated":true}]}}