{"id":26338,"date":"2015-01-20T12:30:25","date_gmt":"2015-01-20T15:30:25","guid":{"rendered":"http:\/\/www.cordobatimes.com\/deportes\/?p=26338"},"modified":"2015-01-20T13:00:03","modified_gmt":"2015-01-20T16:00:03","slug":"atenas-sin-labaque-cayo-ante-weber-bahia","status":"publish","type":"post","link":"https:\/\/www.cordobatimes.com\/deportes\/basquet\/2015\/01\/20\/atenas-sin-labaque-cayo-ante-weber-bahia\/","title":{"rendered":"Atenas, sin L\u00e1baque, cay\u00f3 ante Weber Bah\u00eda"},"content":{"rendered":"<h3><strong><a href=\"http:\/\/www.cordobatimes.com\/deportes\/wp-content\/uploads\/2015\/01\/Atenas5.jpg\"><img loading=\"lazy\" decoding=\"async\" class=\"size-full wp-image-26340 aligncenter\" alt=\"Atenas\" src=\"http:\/\/www.cordobatimes.com\/deportes\/wp-content\/uploads\/2015\/01\/Atenas5.jpg\" width=\"600\" height=\"427\" data-id=\"26340\" srcset=\"https:\/\/www.cordobatimes.com\/deportes\/wp-content\/uploads\/2015\/01\/Atenas5.jpg 600w, https:\/\/www.cordobatimes.com\/deportes\/wp-content\/uploads\/2015\/01\/Atenas5-300x213.jpg 300w\" sizes=\"auto, (max-width: 600px) 100vw, 600px\" \/><\/a><\/strong><\/h3>\n<h3><strong>Jugando bajo protesta, al no poder podido contar con el base, inhabilitado en forma incre\u00edble horas antes del encuentro por el tribunal de penas de la AdC, el Griego cay\u00f3 81 a 68.<\/strong><\/h3>\n<p>&nbsp;<\/p>\n<p>A lo largo del cotejo, el local fue un poco mas que el golpeado equipo cordob\u00e9s, que a pesar de todo estuvo en juego a lo largo del intenso partido que animaron.<\/p>\n<p>Reci\u00e9n en el \u00faltimo per\u00edodo, Weber pudo definirlo gracias al aporte de Lisandro Rasio, goleador del juego con 26 puntos, 12 rebotes, 1 asistencia, con 33 de valoraci\u00f3n.<\/p>\n<p>En tanto, en Atenas se destacaron Alexis Elsener con 24 puntos (8\/8 en dobles), 3 rebotes, 1 asistencia\u00a0 y Juan Manuel Torres , 18 puntos y 13 rebotes.<\/p>\n<p>Luego del enfrentamiento, los de Miravet viajaron a Mar del Plata, donde el d\u00eda jueves visitar\u00e1n a Quilmes y el s\u00e1bado a Pe\u00f1arol, ambos de la Ciudad Feliz.<\/p>\n<h2>El comunicado del club sobre lo sucedido con L\u00e1baque:<\/h2>\n<p>&#8220;Cuando la delegaci\u00f3n de Atenas se aprestaba a subir al micro que lo trasladaba del hotel donde se encontraban alojados, rumbo al estadio Osvaldo Casanovas, llego la comunicaci\u00f3n a traves de las redes sociales de que Bruno Labaque hab\u00eda sido inhabilitado por el Tribunal de Penas de la AdC debido a lo sucedido en el salto inicial del partido jugado el viernes pr\u00f3ximo pasado en C\u00f3rdoba, cuando los equipos de Atenas y La Uni\u00f3n realizaron un minuto de silencio a pedido de la Asociaci\u00f3n de Jugadores, como muestra de solidaridad a los jugadores Leonardo Guti\u00e9rrez y Mart\u00edn Leiva, que hab\u00edan sido multados por dicho tribunal por declaraciones efectuadas a medios de prensa, debiendo el club y el jugador presentar el descargo el d\u00eda mi\u00e9rcoles 21.<\/p>\n<p>El presidente del club, que se encontraba acompa\u00f1ando a la delegaci\u00f3n, reuni\u00f3 al cuerpo t\u00e9cnico y jugadores para instruirlos de lo sucedido,tomandose\u00a0 la decisi\u00f3n de presentarse a jugar el partido, pero bajo protesta. Lo ins\u00f3lito es que una hora despu\u00e9s de finalizado el cotejo, el trbunal dio marcha atras de la resoluci\u00f3n tomada y habilito a Bruno Labaque y a Javier Mart\u00ednez, el otro jugador involucrado.<\/p>\n<p>Con lo sucedido, tanto Asociaci\u00f3n Deporitva Atenas como el jugador Bruno Labaque han sido perjudicados sobremanera, en lo deportivo y en lo humano, al haber privado al club de contar con su capit\u00e1n y jugador s\u00edmbolo, y al jugador por privarlo de trabajar normalmente,\u00a0 por razones que no tienen explicaci\u00f3n.&#8221;<\/p>\n<p>Fuente: Prensa Asociaci\u00f3n Deportiva Atenas.<\/p>\n<p>Foto: Prensa Bah\u00eda Basket.<\/p>\n","protected":false},"excerpt":{"rendered":"<p>Jugando bajo protesta, al no poder podido contar con el base, inhabilitado en forma incre\u00edble horas antes del encuentro por el tribunal de penas de la AdC, el Griego cay\u00f3 81 a 68. &nbsp; A lo largo del cotejo, el local fue un poco mas que el golpeado equipo cordob\u00e9s, que a pesar de todo [&hellip;]<\/p>\n","protected":false},"author":2,"featured_media":26340,"comment_status":"closed","ping_status":"closed","sticky":false,"template":"","format":"standard","meta":{"_seopress_robots_primary_cat":"","_seopress_titles_title":"","_seopress_titles_desc":"","_seopress_robots_index":"","footnotes":""},"categories":[3],"tags":[170,4908],"class_list":["post-26338","post","type-post","status-publish","format-standard","has-post-thumbnail","hentry","category-basquet","tag-lnb","tag-weber-bahia-atenas-de-cordoba"],"_links":{"self":[{"href":"https:\/\/www.cordobatimes.com\/deportes\/wp-json\/wp\/v2\/posts\/26338","targetHints":{"allow":["GET"]}}],"collection":[{"href":"https:\/\/www.cordobatimes.com\/deportes\/wp-json\/wp\/v2\/posts"}],"about":[{"href":"https:\/\/www.cordobatimes.com\/deportes\/wp-json\/wp\/v2\/types\/post"}],"author":[{"embeddable":true,"href":"https:\/\/www.cordobatimes.com\/deportes\/wp-json\/wp\/v2\/users\/2"}],"replies":[{"embeddable":true,"href":"https:\/\/www.cordobatimes.com\/deportes\/wp-json\/wp\/v2\/comments?post=26338"}],"version-history":[{"count":0,"href":"https:\/\/www.cordobatimes.com\/deportes\/wp-json\/wp\/v2\/posts\/26338\/revisions"}],"wp:featuredmedia":[{"embeddable":true,"href":"https:\/\/www.cordobatimes.com\/deportes\/wp-json\/wp\/v2\/media\/26340"}],"wp:attachment":[{"href":"https:\/\/www.cordobatimes.com\/deportes\/wp-json\/wp\/v2\/media?parent=26338"}],"wp:term":[{"taxonomy":"category","embeddable":true,"href":"https:\/\/www.cordobatimes.com\/deportes\/wp-json\/wp\/v2\/categories?post=26338"},{"taxonomy":"post_tag","embeddable":true,"href":"https:\/\/www.cordobatimes.com\/deportes\/wp-json\/wp\/v2\/tags?post=26338"}],"curies":[{"name":"wp","href":"https:\/\/api.w.org\/{rel}","templated":true}]}}