{"id":26329,"date":"2015-01-20T11:30:57","date_gmt":"2015-01-20T14:30:57","guid":{"rendered":"http:\/\/www.cordobatimes.com\/deportes\/?p=26329"},"modified":"2015-01-20T12:35:00","modified_gmt":"2015-01-20T15:35:00","slug":"sub-20-colombia-y-brasil-ganaron-en-el-grupo-b","status":"publish","type":"post","link":"https:\/\/www.cordobatimes.com\/deportes\/futbol-internacional\/2015\/01\/20\/sub-20-colombia-y-brasil-ganaron-en-el-grupo-b\/","title":{"rendered":"Sub 20: Colombia y Brasil ganaron en el grupo B"},"content":{"rendered":"<h3><strong><a href=\"http:\/\/www.cordobatimes.com\/deportes\/wp-content\/uploads\/2015\/01\/Grupo-B.jpg\"><img loading=\"lazy\" decoding=\"async\" class=\"size-full wp-image-26330 aligncenter\" alt=\"Grupo B\" src=\"http:\/\/www.cordobatimes.com\/deportes\/wp-content\/uploads\/2015\/01\/Grupo-B.jpg\" width=\"770\" height=\"433\" data-id=\"26330\" srcset=\"https:\/\/www.cordobatimes.com\/deportes\/wp-content\/uploads\/2015\/01\/Grupo-B.jpg 770w, https:\/\/www.cordobatimes.com\/deportes\/wp-content\/uploads\/2015\/01\/Grupo-B-300x168.jpg 300w\" sizes=\"auto, (max-width: 770px) 100vw, 770px\" \/><\/a><\/strong><\/h3>\n<h3><strong>El equipo cafetero se impuso por 3-0 a la Chile de Tocalli y logr\u00f3 el primer triunfo en el torneo. En tanto, la Verdeamarelha venci\u00f3 por 2-0 a Venezuela y se recuper\u00f3 de la derrota ante Uruguay.<\/strong><\/h3>\n<p>&nbsp;<\/p>\n<p>Los comandandos por el DT argentino, que perdi\u00f3 con Brasil y le gan\u00f3 a Venezuela, fue goleado por Colombia, quienes sumaron de a tres \u00a0por los tantos de Borr\u00e9, Lucumi y Otero. De esta manera, el equipo amarillo alcanz\u00f3 los tres puntos porque arranc\u00f3 cayendo ante Uruguay y tuvo libre la segunda jornada. Ahora, Colombia ir\u00e1 ante Venzuela y Chile cerrar\u00e1 con Uruguay, porque en la \u00faltima tendr\u00e1 fecha libre.<\/p>\n<p>Por su parte, la selecci\u00f3n brasile\u00f1a dej\u00f3 atr\u00e1s la derrota ante Uruguay venciendo 2-0 a Venezuela gracias a los goles convertidos por Kenedy y Gabriel.<\/p>\n<p>Posiciones:<\/p>\n<p style=\"text-align: center;\"><a href=\"http:\/\/www.cordobatimes.com\/deportes\/wp-content\/uploads\/2015\/01\/posiciones.jpg\"><img loading=\"lazy\" decoding=\"async\" class=\"size-full wp-image-26331 aligncenter\" alt=\"posiciones\" src=\"http:\/\/www.cordobatimes.com\/deportes\/wp-content\/uploads\/2015\/01\/posiciones.jpg\" width=\"633\" height=\"413\" data-id=\"26331\" srcset=\"https:\/\/www.cordobatimes.com\/deportes\/wp-content\/uploads\/2015\/01\/posiciones.jpg 633w, https:\/\/www.cordobatimes.com\/deportes\/wp-content\/uploads\/2015\/01\/posiciones-300x195.jpg 300w\" sizes=\"auto, (max-width: 633px) 100vw, 633px\" \/><\/a><\/p>\n","protected":false},"excerpt":{"rendered":"<p>El equipo cafetero se impuso por 3-0 a la Chile de Tocalli y logr\u00f3 el primer triunfo en el torneo. En tanto, la Verdeamarelha venci\u00f3 por 2-0 a Venezuela y se recuper\u00f3 de la derrota ante Uruguay. &nbsp; Los comandandos por el DT argentino, que perdi\u00f3 con Brasil y le gan\u00f3 a Venezuela, fue goleado [&hellip;]<\/p>\n","protected":false},"author":2,"featured_media":26330,"comment_status":"closed","ping_status":"closed","sticky":false,"template":"","format":"standard","meta":{"_seopress_robots_primary_cat":"","_seopress_titles_title":"","_seopress_titles_desc":"","_seopress_robots_index":"","footnotes":""},"categories":[18],"tags":[125,661,462,294,4904,3602,316,2287],"class_list":["post-26329","post","type-post","status-publish","format-standard","has-post-thumbnail","hentry","category-futbol-internacional","tag-brasil","tag-chile","tag-colombia","tag-grupo-b","tag-sub-20","tag-sudamericano","tag-uruguay","tag-venezuela"],"_links":{"self":[{"href":"https:\/\/www.cordobatimes.com\/deportes\/wp-json\/wp\/v2\/posts\/26329","targetHints":{"allow":["GET"]}}],"collection":[{"href":"https:\/\/www.cordobatimes.com\/deportes\/wp-json\/wp\/v2\/posts"}],"about":[{"href":"https:\/\/www.cordobatimes.com\/deportes\/wp-json\/wp\/v2\/types\/post"}],"author":[{"embeddable":true,"href":"https:\/\/www.cordobatimes.com\/deportes\/wp-json\/wp\/v2\/users\/2"}],"replies":[{"embeddable":true,"href":"https:\/\/www.cordobatimes.com\/deportes\/wp-json\/wp\/v2\/comments?post=26329"}],"version-history":[{"count":0,"href":"https:\/\/www.cordobatimes.com\/deportes\/wp-json\/wp\/v2\/posts\/26329\/revisions"}],"wp:featuredmedia":[{"embeddable":true,"href":"https:\/\/www.cordobatimes.com\/deportes\/wp-json\/wp\/v2\/media\/26330"}],"wp:attachment":[{"href":"https:\/\/www.cordobatimes.com\/deportes\/wp-json\/wp\/v2\/media?parent=26329"}],"wp:term":[{"taxonomy":"category","embeddable":true,"href":"https:\/\/www.cordobatimes.com\/deportes\/wp-json\/wp\/v2\/categories?post=26329"},{"taxonomy":"post_tag","embeddable":true,"href":"https:\/\/www.cordobatimes.com\/deportes\/wp-json\/wp\/v2\/tags?post=26329"}],"curies":[{"name":"wp","href":"https:\/\/api.w.org\/{rel}","templated":true}]}}