{"id":26297,"date":"2015-01-19T13:52:34","date_gmt":"2015-01-19T16:52:34","guid":{"rendered":"http:\/\/www.cordobatimes.com\/deportes\/?p=26297"},"modified":"2015-01-19T13:52:34","modified_gmt":"2015-01-19T16:52:34","slug":"marchesin-y-una-salvada-fantastica-en-mexico","status":"publish","type":"post","link":"https:\/\/www.cordobatimes.com\/deportes\/futbol-internacional\/2015\/01\/19\/marchesin-y-una-salvada-fantastica-en-mexico\/","title":{"rendered":"Marches\u00edn y una salvada fant\u00e1stica en M\u00e9xico"},"content":{"rendered":"<h3><strong><a href=\"http:\/\/www.cordobatimes.com\/deportes\/wp-content\/uploads\/2015\/01\/Marches\u00edn.jpg\"><img loading=\"lazy\" decoding=\"async\" class=\"size-full wp-image-26298 aligncenter\" alt=\"\" src=\"http:\/\/www.cordobatimes.com\/deportes\/wp-content\/uploads\/2015\/01\/Marches\u00edn.jpg\" width=\"768\" height=\"513\" data-id=\"26298\" srcset=\"https:\/\/www.cordobatimes.com\/deportes\/wp-content\/uploads\/2015\/01\/Marches\u00edn.jpg 768w, https:\/\/www.cordobatimes.com\/deportes\/wp-content\/uploads\/2015\/01\/Marches\u00edn-300x200.jpg 300w\" sizes=\"auto, (max-width: 768px) 100vw, 768px\" \/><\/a><\/strong><\/h3>\n<h3 style=\"text-align: justify;\"><strong>El ex arquero de Lan\u00fas, reciente incorporaci\u00f3n de Santos Laguna, fue protagonista de una atajada fenomenal, primero interrumpiendo el remate y luego rechazando sobre la l\u00ednea. VIDEO.<\/strong><\/h3>\n<p style=\"text-align: justify;\">\n<p style=\"text-align: justify;\">Pese al buen gesto t\u00e9cnico del 1, no consigui\u00f3 evitar la derrota a manos de Cruz Azul. Igualmente, pese al resultado, el golero, seguido de cerca por Gerardo Martino para integrarse a la selecci\u00f3n Argentina, dej\u00f3 a todos sorprendidos.<\/p>\n<p style=\"text-align: justify;\">Mir\u00e1 la acci\u00f3n:<\/p>\n<p>\u00a0<iframe loading=\"lazy\" src=\"\/\/www.youtube.com\/embed\/X8tnAFJzN58\" height=\"315\" width=\"560\" allowfullscreen=\"\" frameborder=\"0\"><\/iframe><\/p>\n","protected":false},"excerpt":{"rendered":"<p>El ex arquero de Lan\u00fas, reciente incorporaci\u00f3n de Santos Laguna, fue protagonista de una atajada fenomenal, primero interrumpiendo el remate y luego rechazando sobre la l\u00ednea. VIDEO. Pese al buen gesto t\u00e9cnico del 1, no consigui\u00f3 evitar la derrota a manos de Cruz Azul. Igualmente, pese al resultado, el golero, seguido de cerca por Gerardo [&hellip;]<\/p>\n","protected":false},"author":2,"featured_media":26298,"comment_status":"closed","ping_status":"closed","sticky":false,"template":"","format":"standard","meta":{"_seopress_robots_primary_cat":"","_seopress_titles_title":"","_seopress_titles_desc":"","_seopress_robots_index":"","footnotes":""},"categories":[18],"tags":[4898,2293,604,1224,80],"class_list":["post-26297","post","type-post","status-publish","format-standard","has-post-thumbnail","hentry","category-futbol-internacional","tag-atajada","tag-marchesin","tag-mexico","tag-santos-laguna","tag-video"],"_links":{"self":[{"href":"https:\/\/www.cordobatimes.com\/deportes\/wp-json\/wp\/v2\/posts\/26297","targetHints":{"allow":["GET"]}}],"collection":[{"href":"https:\/\/www.cordobatimes.com\/deportes\/wp-json\/wp\/v2\/posts"}],"about":[{"href":"https:\/\/www.cordobatimes.com\/deportes\/wp-json\/wp\/v2\/types\/post"}],"author":[{"embeddable":true,"href":"https:\/\/www.cordobatimes.com\/deportes\/wp-json\/wp\/v2\/users\/2"}],"replies":[{"embeddable":true,"href":"https:\/\/www.cordobatimes.com\/deportes\/wp-json\/wp\/v2\/comments?post=26297"}],"version-history":[{"count":0,"href":"https:\/\/www.cordobatimes.com\/deportes\/wp-json\/wp\/v2\/posts\/26297\/revisions"}],"wp:featuredmedia":[{"embeddable":true,"href":"https:\/\/www.cordobatimes.com\/deportes\/wp-json\/wp\/v2\/media\/26298"}],"wp:attachment":[{"href":"https:\/\/www.cordobatimes.com\/deportes\/wp-json\/wp\/v2\/media?parent=26297"}],"wp:term":[{"taxonomy":"category","embeddable":true,"href":"https:\/\/www.cordobatimes.com\/deportes\/wp-json\/wp\/v2\/categories?post=26297"},{"taxonomy":"post_tag","embeddable":true,"href":"https:\/\/www.cordobatimes.com\/deportes\/wp-json\/wp\/v2\/tags?post=26297"}],"curies":[{"name":"wp","href":"https:\/\/api.w.org\/{rel}","templated":true}]}}