{"id":26255,"date":"2015-01-18T10:30:34","date_gmt":"2015-01-18T13:30:34","guid":{"rendered":"http:\/\/www.cordobatimes.com\/deportes\/?p=26255"},"modified":"2015-01-18T12:50:52","modified_gmt":"2015-01-18T15:50:52","slug":"sub-20-uruguay-le-gano-el-clasico-a-brasil","status":"publish","type":"post","link":"https:\/\/www.cordobatimes.com\/deportes\/futbol-internacional\/2015\/01\/18\/sub-20-uruguay-le-gano-el-clasico-a-brasil\/","title":{"rendered":"Sub 20: Uruguay le gan\u00f3 el cl\u00e1sico a Brasil"},"content":{"rendered":"<h3><strong><a href=\"http:\/\/www.cordobatimes.com\/deportes\/wp-content\/uploads\/2015\/01\/Uruguay.jpg\"><img loading=\"lazy\" decoding=\"async\" class=\"size-full wp-image-26256 aligncenter\" alt=\"Uruguay\" src=\"http:\/\/www.cordobatimes.com\/deportes\/wp-content\/uploads\/2015\/01\/Uruguay.jpg\" width=\"616\" height=\"376\" data-id=\"26256\" srcset=\"https:\/\/www.cordobatimes.com\/deportes\/wp-content\/uploads\/2015\/01\/Uruguay.jpg 616w, https:\/\/www.cordobatimes.com\/deportes\/wp-content\/uploads\/2015\/01\/Uruguay-300x183.jpg 300w\" sizes=\"auto, (max-width: 616px) 100vw, 616px\" \/><\/a><\/strong><\/h3>\n<h3><strong>El conjunto charr\u00faa derrot\u00f3 2-0 a la Verdeamarelha y lleva puntaje perfecto en el grupo B del certamen. En tanto, Chile hizo lo propio con Venezuela y se recuper\u00f3 de la ca\u00edda en la jornada inicial.<\/strong><\/h3>\n<p>&nbsp;<\/p>\n<p>Uruguay venci\u00f3 2-0 a Brasil con dos goles de cabeza anotados por Pereiro y Arambarri, ambos tras dos pelotas quietas ejecutadas por Castro. Los celestes quedaron rozando la clasificaci\u00f3n.<\/p>\n<p>En tanto, con conquistas de Cuevas y Echeverr\u00eda, la selecci\u00f3n chilena consigui\u00f3 sus primeros tres puntos en el torneo ante Venezuela, que debut\u00f3 con derrota.<\/p>\n<p>Fuente: elpais.com.uy<\/p>\n","protected":false},"excerpt":{"rendered":"<p>El conjunto charr\u00faa derrot\u00f3 2-0 a la Verdeamarelha y lleva puntaje perfecto en el grupo B del certamen. En tanto, Chile hizo lo propio con Venezuela y se recuper\u00f3 de la ca\u00edda en la jornada inicial. &nbsp; Uruguay venci\u00f3 2-0 a Brasil con dos goles de cabeza anotados por Pereiro y Arambarri, ambos tras dos [&hellip;]<\/p>\n","protected":false},"author":2,"featured_media":26256,"comment_status":"closed","ping_status":"closed","sticky":false,"template":"","format":"standard","meta":{"_seopress_robots_primary_cat":"","_seopress_titles_title":"","_seopress_titles_desc":"","_seopress_robots_index":"","footnotes":""},"categories":[18],"tags":[125,661,294,4856,316,2287],"class_list":["post-26255","post","type-post","status-publish","format-standard","has-post-thumbnail","hentry","category-futbol-internacional","tag-brasil","tag-chile","tag-grupo-b","tag-sudamericano-sub-20","tag-uruguay","tag-venezuela"],"_links":{"self":[{"href":"https:\/\/www.cordobatimes.com\/deportes\/wp-json\/wp\/v2\/posts\/26255","targetHints":{"allow":["GET"]}}],"collection":[{"href":"https:\/\/www.cordobatimes.com\/deportes\/wp-json\/wp\/v2\/posts"}],"about":[{"href":"https:\/\/www.cordobatimes.com\/deportes\/wp-json\/wp\/v2\/types\/post"}],"author":[{"embeddable":true,"href":"https:\/\/www.cordobatimes.com\/deportes\/wp-json\/wp\/v2\/users\/2"}],"replies":[{"embeddable":true,"href":"https:\/\/www.cordobatimes.com\/deportes\/wp-json\/wp\/v2\/comments?post=26255"}],"version-history":[{"count":0,"href":"https:\/\/www.cordobatimes.com\/deportes\/wp-json\/wp\/v2\/posts\/26255\/revisions"}],"wp:featuredmedia":[{"embeddable":true,"href":"https:\/\/www.cordobatimes.com\/deportes\/wp-json\/wp\/v2\/media\/26256"}],"wp:attachment":[{"href":"https:\/\/www.cordobatimes.com\/deportes\/wp-json\/wp\/v2\/media?parent=26255"}],"wp:term":[{"taxonomy":"category","embeddable":true,"href":"https:\/\/www.cordobatimes.com\/deportes\/wp-json\/wp\/v2\/categories?post=26255"},{"taxonomy":"post_tag","embeddable":true,"href":"https:\/\/www.cordobatimes.com\/deportes\/wp-json\/wp\/v2\/tags?post=26255"}],"curies":[{"name":"wp","href":"https:\/\/api.w.org\/{rel}","templated":true}]}}